{"id":1866,"date":"2026-03-10T14:31:38","date_gmt":"2026-03-10T18:31:38","guid":{"rendered":"https:\/\/clickbol.online\/?p=1866"},"modified":"2026-03-10T14:31:40","modified_gmt":"2026-03-10T18:31:40","slug":"manfred-reyes-villa-rechaza-asistir-a-los-debates-y-se-declara-victima-de-ataques-politicos","status":"publish","type":"post","link":"https:\/\/clickbol.online\/?p=1866","title":{"rendered":"Manfred Reyes Villa rechaza asistir a los debates y se declara v\u00edctima de \u00abataques pol\u00edticos\u00bb"},"content":{"rendered":"\n<p>El alcalde de Cochabamba y candidato, <strong>Manfred Reyes Villa<\/strong>, anunci\u00f3 que no participar\u00e1 en los debates electorales con otros postulantes, argumentando que estos espacios podr\u00edan convertirse en escenarios de <strong>difamaci\u00f3n, insultos y ataques personales<\/strong> dirigidos contra su candidatura durante la campa\u00f1a rumbo a las elecciones subnacionales.<\/p>\n\n\n\n<p>Seg\u00fan el candidato, la din\u00e1mica de un debate podr\u00eda generar una <strong>polarizaci\u00f3n entre los postulantes<\/strong>, donde sus rivales concentrar\u00edan sus cr\u00edticas exclusivamente en \u00e9l. \u201c\u00bfQu\u00e9 ir\u00eda yo a participar? \u00bfA ser difamado, insultado? Ser\u00eda polarizar todos contra Manfred\u201d, afirm\u00f3. <\/p>\n\n\n\n<blockquote class=\"tiktok-embed\" cite=\"https:\/\/www.tiktok.com\/@clickbol.online\/video\/7615687947202891015\" data-video-id=\"7615687947202891015\" style=\"max-width: 605px;min-width: 325px;\" > <section> <a target=\"_blank\" title=\"@clickbol.online\" href=\"https:\/\/www.tiktok.com\/@clickbol.online?refer=embed\">@clickbol.online<\/a> \ud83d\uddf3\ufe0f\u274c El alcalde de <a title=\"cochabamba\" target=\"_blank\" href=\"https:\/\/www.tiktok.com\/tag\/cochabamba?refer=embed\">#Cochabamba<\/a>, Manfred Reyes Villa, se\u00f1al\u00f3 que a\u00fan no confirma su asistencia al debate organizado por el Tribunal Electoral Departamental de Cochabamba rumbo a las elecciones subnacionales, al que calific\u00f3 como un posible \u201cdebate de guerra sucia\u201d. \ud83d\uddf3\ufe0f <a title=\"fyp\" target=\"_blank\" href=\"https:\/\/www.tiktok.com\/tag\/fyp?refer=embed\">#fyp<\/a> <a title=\"tse\" target=\"_blank\" href=\"https:\/\/www.tiktok.com\/tag\/tse?refer=embed\">#tse<\/a> <a title=\"elecciones\" target=\"_blank\" href=\"https:\/\/www.tiktok.com\/tag\/elecciones?refer=embed\">#elecciones<\/a> <a title=\"debate\" target=\"_blank\" href=\"https:\/\/www.tiktok.com\/tag\/debate?refer=embed\">#debate<\/a> <a title=\"click\" target=\"_blank\" href=\"https:\/\/www.tiktok.com\/tag\/click?refer=embed\">#click<\/a> <a title=\"bolivia\" target=\"_blank\" href=\"https:\/\/www.tiktok.com\/tag\/bolivia?refer=embed\">#bolivia<\/a> <a target=\"_blank\" title=\"\u266c sonido original  - Click\" href=\"https:\/\/www.tiktok.com\/music\/sonido-original-Click-7615687999661034260?refer=embed\">\u266c sonido original  &#8211; Click<\/a> <\/section> <\/blockquote> <script async src=\"https:\/\/www.tiktok.com\/embed.js\"><\/script>\n\n\n\n<p>En ese contexto, reiter\u00f3 que <strong>no tiene intenci\u00f3n de asistir a esos encuentros<\/strong>, \u201cyo someterme a estar con ellos ni por asomo, ni ahora ni nunca\u201d, declar\u00f3.<\/p>\n\n\n\n<p>Mientras tanto, la <strong>organizaci\u00f3n de los debates electorales<\/strong> avanza y entra en su etapa final. El presidente del <strong>Tribunal Supremo Electoral<\/strong>, Gustavo \u00c1vila, inform\u00f3 que el 95% de los delegados ya confirmaron su participaci\u00f3n en los debates departamentales y municipales. <\/p>\n\n\n\n<p>En el caso de las <strong>ciudades capitales<\/strong>, los debates entre candidatos a alcaldes est\u00e1n programados para el domingo 15 de marzo, a pesar de la negativa de Reyes Villa, quien mantiene que estos encuentros podr\u00edan derivar en un <strong>ataque masivo hacia su persona<\/strong>, priorizando as\u00ed continuar con sus actividades de campa\u00f1a.<\/p>\n","protected":false},"excerpt":{"rendered":"<p>El alcalde de Cochabamba y candidato, Manfred Reyes Villa, anunci\u00f3 que no participar\u00e1 en los debates electorales con otros postulantes, argumentando que estos espacios podr\u00edan convertirse en escenarios de difamaci\u00f3n,&hellip;<\/p>\n","protected":false},"author":5,"featured_media":1867,"comment_status":"closed","ping_status":"open","sticky":false,"template":"","format":"standard","meta":{"_jetpack_memberships_contains_paid_content":false,"footnotes":""},"categories":[7],"tags":[],"class_list":["post-1866","post","type-post","status-publish","format-standard","has-post-thumbnail","hentry","category-politica"],"yoast_head":"<!-- This site is optimized with the Yoast SEO plugin v27.4 - https:\/\/yoast.com\/product\/yoast-seo-wordpress\/ -->\n<title>Manfred Reyes Villa rechaza asistir a los debates y se declara v\u00edctima de &quot;ataques pol\u00edticos&quot; -<\/title>\n<meta name=\"robots\" content=\"index, follow, max-snippet:-1, max-image-preview:large, max-video-preview:-1\" \/>\n<link rel=\"canonical\" href=\"https:\/\/clickbol.online\/?p=1866\" \/>\n<meta property=\"og:locale\" content=\"es_ES\" \/>\n<meta property=\"og:type\" content=\"article\" \/>\n<meta property=\"og:title\" content=\"Manfred Reyes Villa rechaza asistir a los debates y se declara v\u00edctima de &quot;ataques pol\u00edticos&quot; -\" \/>\n<meta property=\"og:description\" content=\"El alcalde de Cochabamba y candidato, Manfred Reyes Villa, anunci\u00f3 que no participar\u00e1 en los debates electorales con otros postulantes, argumentando que estos espacios podr\u00edan convertirse en escenarios de difamaci\u00f3n,&hellip;\" \/>\n<meta property=\"og:url\" content=\"https:\/\/clickbol.online\/?p=1866\" \/>\n<meta property=\"article:published_time\" content=\"2026-03-10T18:31:38+00:00\" \/>\n<meta property=\"article:modified_time\" content=\"2026-03-10T18:31:40+00:00\" \/>\n<meta property=\"og:image\" content=\"https:\/\/clickbol.online\/wp-content\/uploads\/2026\/03\/MRV.jpg\" \/>\n\t<meta property=\"og:image:width\" content=\"787\" \/>\n\t<meta property=\"og:image:height\" content=\"482\" \/>\n\t<meta property=\"og:image:type\" content=\"image\/jpeg\" \/>\n<meta name=\"author\" content=\"Redacci\u00f3n Central\" \/>\n<meta name=\"twitter:card\" content=\"summary_large_image\" \/>\n<meta name=\"twitter:label1\" content=\"Escrito por\" \/>\n\t<meta name=\"twitter:data1\" content=\"Redacci\u00f3n Central\" \/>\n\t<meta name=\"twitter:label2\" content=\"Tiempo de lectura\" \/>\n\t<meta name=\"twitter:data2\" content=\"2 minutos\" \/>\n<script type=\"application\/ld+json\" class=\"yoast-schema-graph\">{\"@context\":\"https:\\\/\\\/schema.org\",\"@graph\":[{\"@type\":\"Article\",\"@id\":\"https:\\\/\\\/clickbol.online\\\/?p=1866#article\",\"isPartOf\":{\"@id\":\"https:\\\/\\\/clickbol.online\\\/?p=1866\"},\"author\":{\"name\":\"Redacci\u00f3n Central\",\"@id\":\"https:\\\/\\\/clickbol.online\\\/#\\\/schema\\\/person\\\/6a1d6a5ad656251cc2a8d120d2c57546\"},\"headline\":\"Manfred Reyes Villa rechaza asistir a los debates y se declara v\u00edctima de \u00abataques pol\u00edticos\u00bb\",\"datePublished\":\"2026-03-10T18:31:38+00:00\",\"dateModified\":\"2026-03-10T18:31:40+00:00\",\"mainEntityOfPage\":{\"@id\":\"https:\\\/\\\/clickbol.online\\\/?p=1866\"},\"wordCount\":288,\"publisher\":{\"@id\":\"https:\\\/\\\/clickbol.online\\\/#organization\"},\"image\":{\"@id\":\"https:\\\/\\\/clickbol.online\\\/?p=1866#primaryimage\"},\"thumbnailUrl\":\"https:\\\/\\\/clickbol.online\\\/wp-content\\\/uploads\\\/2026\\\/03\\\/MRV.jpg\",\"articleSection\":[\"POL\u00cdTICA\"],\"inLanguage\":\"es\"},{\"@type\":\"WebPage\",\"@id\":\"https:\\\/\\\/clickbol.online\\\/?p=1866\",\"url\":\"https:\\\/\\\/clickbol.online\\\/?p=1866\",\"name\":\"Manfred Reyes Villa rechaza asistir a los debates y se declara v\u00edctima de \\\"ataques pol\u00edticos\\\" -\",\"isPartOf\":{\"@id\":\"https:\\\/\\\/clickbol.online\\\/#website\"},\"primaryImageOfPage\":{\"@id\":\"https:\\\/\\\/clickbol.online\\\/?p=1866#primaryimage\"},\"image\":{\"@id\":\"https:\\\/\\\/clickbol.online\\\/?p=1866#primaryimage\"},\"thumbnailUrl\":\"https:\\\/\\\/clickbol.online\\\/wp-content\\\/uploads\\\/2026\\\/03\\\/MRV.jpg\",\"datePublished\":\"2026-03-10T18:31:38+00:00\",\"dateModified\":\"2026-03-10T18:31:40+00:00\",\"breadcrumb\":{\"@id\":\"https:\\\/\\\/clickbol.online\\\/?p=1866#breadcrumb\"},\"inLanguage\":\"es\",\"potentialAction\":[{\"@type\":\"ReadAction\",\"target\":[\"https:\\\/\\\/clickbol.online\\\/?p=1866\"]}]},{\"@type\":\"ImageObject\",\"inLanguage\":\"es\",\"@id\":\"https:\\\/\\\/clickbol.online\\\/?p=1866#primaryimage\",\"url\":\"https:\\\/\\\/clickbol.online\\\/wp-content\\\/uploads\\\/2026\\\/03\\\/MRV.jpg\",\"contentUrl\":\"https:\\\/\\\/clickbol.online\\\/wp-content\\\/uploads\\\/2026\\\/03\\\/MRV.jpg\",\"width\":787,\"height\":482},{\"@type\":\"BreadcrumbList\",\"@id\":\"https:\\\/\\\/clickbol.online\\\/?p=1866#breadcrumb\",\"itemListElement\":[{\"@type\":\"ListItem\",\"position\":1,\"name\":\"Portada\",\"item\":\"https:\\\/\\\/clickbol.online\\\/\"},{\"@type\":\"ListItem\",\"position\":2,\"name\":\"Manfred Reyes Villa rechaza asistir a los debates y se declara v\u00edctima de \u00abataques pol\u00edticos\u00bb\"}]},{\"@type\":\"WebSite\",\"@id\":\"https:\\\/\\\/clickbol.online\\\/#website\",\"url\":\"https:\\\/\\\/clickbol.online\\\/\",\"name\":\"Click a tu Alcance\",\"description\":\"\",\"publisher\":{\"@id\":\"https:\\\/\\\/clickbol.online\\\/#organization\"},\"potentialAction\":[{\"@type\":\"SearchAction\",\"target\":{\"@type\":\"EntryPoint\",\"urlTemplate\":\"https:\\\/\\\/clickbol.online\\\/?s={search_term_string}\"},\"query-input\":{\"@type\":\"PropertyValueSpecification\",\"valueRequired\":true,\"valueName\":\"search_term_string\"}}],\"inLanguage\":\"es\"},{\"@type\":\"Organization\",\"@id\":\"https:\\\/\\\/clickbol.online\\\/#organization\",\"name\":\"Click a tu Alcance\",\"url\":\"https:\\\/\\\/clickbol.online\\\/\",\"logo\":{\"@type\":\"ImageObject\",\"inLanguage\":\"es\",\"@id\":\"https:\\\/\\\/clickbol.online\\\/#\\\/schema\\\/logo\\\/image\\\/\",\"url\":\"https:\\\/\\\/clickbol.online\\\/wp-content\\\/uploads\\\/2026\\\/01\\\/cropped-kokokoko.jpg.jpeg\",\"contentUrl\":\"https:\\\/\\\/clickbol.online\\\/wp-content\\\/uploads\\\/2026\\\/01\\\/cropped-kokokoko.jpg.jpeg\",\"width\":700,\"height\":300,\"caption\":\"Click a tu Alcance\"},\"image\":{\"@id\":\"https:\\\/\\\/clickbol.online\\\/#\\\/schema\\\/logo\\\/image\\\/\"}},{\"@type\":\"Person\",\"@id\":\"https:\\\/\\\/clickbol.online\\\/#\\\/schema\\\/person\\\/6a1d6a5ad656251cc2a8d120d2c57546\",\"name\":\"Redacci\u00f3n Central\",\"image\":{\"@type\":\"ImageObject\",\"inLanguage\":\"es\",\"@id\":\"https:\\\/\\\/secure.gravatar.com\\\/avatar\\\/ed9a609e47cf58b578bda1696c506f1382ef86f5ac2f8b56d98e082d3e5b3bb6?s=96&d=mm&r=g\",\"url\":\"https:\\\/\\\/secure.gravatar.com\\\/avatar\\\/ed9a609e47cf58b578bda1696c506f1382ef86f5ac2f8b56d98e082d3e5b3bb6?s=96&d=mm&r=g\",\"contentUrl\":\"https:\\\/\\\/secure.gravatar.com\\\/avatar\\\/ed9a609e47cf58b578bda1696c506f1382ef86f5ac2f8b56d98e082d3e5b3bb6?s=96&d=mm&r=g\",\"caption\":\"Redacci\u00f3n Central\"},\"sameAs\":[\"https:\\\/\\\/clickbol.online\\\/\"],\"url\":\"https:\\\/\\\/clickbol.online\\\/?author=5\"}]}<\/script>\n<!-- \/ Yoast SEO plugin. -->","yoast_head_json":{"title":"Manfred Reyes Villa rechaza asistir a los debates y se declara v\u00edctima de \"ataques pol\u00edticos\" -","robots":{"index":"index","follow":"follow","max-snippet":"max-snippet:-1","max-image-preview":"max-image-preview:large","max-video-preview":"max-video-preview:-1"},"canonical":"https:\/\/clickbol.online\/?p=1866","og_locale":"es_ES","og_type":"article","og_title":"Manfred Reyes Villa rechaza asistir a los debates y se declara v\u00edctima de \"ataques pol\u00edticos\" -","og_description":"El alcalde de Cochabamba y candidato, Manfred Reyes Villa, anunci\u00f3 que no participar\u00e1 en los debates electorales con otros postulantes, argumentando que estos espacios podr\u00edan convertirse en escenarios de difamaci\u00f3n,&hellip;","og_url":"https:\/\/clickbol.online\/?p=1866","article_published_time":"2026-03-10T18:31:38+00:00","article_modified_time":"2026-03-10T18:31:40+00:00","og_image":[{"width":787,"height":482,"url":"https:\/\/clickbol.online\/wp-content\/uploads\/2026\/03\/MRV.jpg","type":"image\/jpeg"}],"author":"Redacci\u00f3n Central","twitter_card":"summary_large_image","twitter_misc":{"Escrito por":"Redacci\u00f3n Central","Tiempo de lectura":"2 minutos"},"schema":{"@context":"https:\/\/schema.org","@graph":[{"@type":"Article","@id":"https:\/\/clickbol.online\/?p=1866#article","isPartOf":{"@id":"https:\/\/clickbol.online\/?p=1866"},"author":{"name":"Redacci\u00f3n Central","@id":"https:\/\/clickbol.online\/#\/schema\/person\/6a1d6a5ad656251cc2a8d120d2c57546"},"headline":"Manfred Reyes Villa rechaza asistir a los debates y se declara v\u00edctima de \u00abataques pol\u00edticos\u00bb","datePublished":"2026-03-10T18:31:38+00:00","dateModified":"2026-03-10T18:31:40+00:00","mainEntityOfPage":{"@id":"https:\/\/clickbol.online\/?p=1866"},"wordCount":288,"publisher":{"@id":"https:\/\/clickbol.online\/#organization"},"image":{"@id":"https:\/\/clickbol.online\/?p=1866#primaryimage"},"thumbnailUrl":"https:\/\/clickbol.online\/wp-content\/uploads\/2026\/03\/MRV.jpg","articleSection":["POL\u00cdTICA"],"inLanguage":"es"},{"@type":"WebPage","@id":"https:\/\/clickbol.online\/?p=1866","url":"https:\/\/clickbol.online\/?p=1866","name":"Manfred Reyes Villa rechaza asistir a los debates y se declara v\u00edctima de \"ataques pol\u00edticos\" -","isPartOf":{"@id":"https:\/\/clickbol.online\/#website"},"primaryImageOfPage":{"@id":"https:\/\/clickbol.online\/?p=1866#primaryimage"},"image":{"@id":"https:\/\/clickbol.online\/?p=1866#primaryimage"},"thumbnailUrl":"https:\/\/clickbol.online\/wp-content\/uploads\/2026\/03\/MRV.jpg","datePublished":"2026-03-10T18:31:38+00:00","dateModified":"2026-03-10T18:31:40+00:00","breadcrumb":{"@id":"https:\/\/clickbol.online\/?p=1866#breadcrumb"},"inLanguage":"es","potentialAction":[{"@type":"ReadAction","target":["https:\/\/clickbol.online\/?p=1866"]}]},{"@type":"ImageObject","inLanguage":"es","@id":"https:\/\/clickbol.online\/?p=1866#primaryimage","url":"https:\/\/clickbol.online\/wp-content\/uploads\/2026\/03\/MRV.jpg","contentUrl":"https:\/\/clickbol.online\/wp-content\/uploads\/2026\/03\/MRV.jpg","width":787,"height":482},{"@type":"BreadcrumbList","@id":"https:\/\/clickbol.online\/?p=1866#breadcrumb","itemListElement":[{"@type":"ListItem","position":1,"name":"Portada","item":"https:\/\/clickbol.online\/"},{"@type":"ListItem","position":2,"name":"Manfred Reyes Villa rechaza asistir a los debates y se declara v\u00edctima de \u00abataques pol\u00edticos\u00bb"}]},{"@type":"WebSite","@id":"https:\/\/clickbol.online\/#website","url":"https:\/\/clickbol.online\/","name":"Click a tu Alcance","description":"","publisher":{"@id":"https:\/\/clickbol.online\/#organization"},"potentialAction":[{"@type":"SearchAction","target":{"@type":"EntryPoint","urlTemplate":"https:\/\/clickbol.online\/?s={search_term_string}"},"query-input":{"@type":"PropertyValueSpecification","valueRequired":true,"valueName":"search_term_string"}}],"inLanguage":"es"},{"@type":"Organization","@id":"https:\/\/clickbol.online\/#organization","name":"Click a tu Alcance","url":"https:\/\/clickbol.online\/","logo":{"@type":"ImageObject","inLanguage":"es","@id":"https:\/\/clickbol.online\/#\/schema\/logo\/image\/","url":"https:\/\/clickbol.online\/wp-content\/uploads\/2026\/01\/cropped-kokokoko.jpg.jpeg","contentUrl":"https:\/\/clickbol.online\/wp-content\/uploads\/2026\/01\/cropped-kokokoko.jpg.jpeg","width":700,"height":300,"caption":"Click a tu Alcance"},"image":{"@id":"https:\/\/clickbol.online\/#\/schema\/logo\/image\/"}},{"@type":"Person","@id":"https:\/\/clickbol.online\/#\/schema\/person\/6a1d6a5ad656251cc2a8d120d2c57546","name":"Redacci\u00f3n Central","image":{"@type":"ImageObject","inLanguage":"es","@id":"https:\/\/secure.gravatar.com\/avatar\/ed9a609e47cf58b578bda1696c506f1382ef86f5ac2f8b56d98e082d3e5b3bb6?s=96&d=mm&r=g","url":"https:\/\/secure.gravatar.com\/avatar\/ed9a609e47cf58b578bda1696c506f1382ef86f5ac2f8b56d98e082d3e5b3bb6?s=96&d=mm&r=g","contentUrl":"https:\/\/secure.gravatar.com\/avatar\/ed9a609e47cf58b578bda1696c506f1382ef86f5ac2f8b56d98e082d3e5b3bb6?s=96&d=mm&r=g","caption":"Redacci\u00f3n Central"},"sameAs":["https:\/\/clickbol.online\/"],"url":"https:\/\/clickbol.online\/?author=5"}]}},"jetpack_featured_media_url":"https:\/\/clickbol.online\/wp-content\/uploads\/2026\/03\/MRV.jpg","jetpack_sharing_enabled":true,"_links":{"self":[{"href":"https:\/\/clickbol.online\/index.php?rest_route=\/wp\/v2\/posts\/1866","targetHints":{"allow":["GET"]}}],"collection":[{"href":"https:\/\/clickbol.online\/index.php?rest_route=\/wp\/v2\/posts"}],"about":[{"href":"https:\/\/clickbol.online\/index.php?rest_route=\/wp\/v2\/types\/post"}],"author":[{"embeddable":true,"href":"https:\/\/clickbol.online\/index.php?rest_route=\/wp\/v2\/users\/5"}],"replies":[{"embeddable":true,"href":"https:\/\/clickbol.online\/index.php?rest_route=%2Fwp%2Fv2%2Fcomments&post=1866"}],"version-history":[{"count":1,"href":"https:\/\/clickbol.online\/index.php?rest_route=\/wp\/v2\/posts\/1866\/revisions"}],"predecessor-version":[{"id":1868,"href":"https:\/\/clickbol.online\/index.php?rest_route=\/wp\/v2\/posts\/1866\/revisions\/1868"}],"wp:featuredmedia":[{"embeddable":true,"href":"https:\/\/clickbol.online\/index.php?rest_route=\/wp\/v2\/media\/1867"}],"wp:attachment":[{"href":"https:\/\/clickbol.online\/index.php?rest_route=%2Fwp%2Fv2%2Fmedia&parent=1866"}],"wp:term":[{"taxonomy":"category","embeddable":true,"href":"https:\/\/clickbol.online\/index.php?rest_route=%2Fwp%2Fv2%2Fcategories&post=1866"},{"taxonomy":"post_tag","embeddable":true,"href":"https:\/\/clickbol.online\/index.php?rest_route=%2Fwp%2Fv2%2Ftags&post=1866"}],"curies":[{"name":"wp","href":"https:\/\/api.w.org\/{rel}","templated":true}]}}