{"id":1872,"date":"2026-03-10T18:19:21","date_gmt":"2026-03-10T22:19:21","guid":{"rendered":"https:\/\/clickbol.online\/?p=1872"},"modified":"2026-03-10T19:05:38","modified_gmt":"2026-03-10T23:05:38","slug":"lara-se-suma-al-cabildo-de-condori-para-reducir-salarios-de-autoridades","status":"publish","type":"post","link":"https:\/\/clickbol.online\/?p=1872","title":{"rendered":"Lara se suma al cabildo de Condori para reducir salarios de autoridades"},"content":{"rendered":"\n<p><em>Condori convoc\u00f3 al cabildo, en medio de su gira nacional, donde verifica el trabajo de sus colegas parlamentarios y promueve la realizaci\u00f3n de un referendo para bajarles los salarios a la mitad.<\/em><\/p>\n\n\n\n<p>El vicepresidente Edmand Lara anunci\u00f3 que ha decidido sumarse al cabildo convocado por el senador Nilton Condori para el 11 de abril en El Alto, con el objetivo de pedir la eliminaci\u00f3n de la renta vitalicia de expresidentes y reducir salarios de funcionarios.<\/p>\n\n\n\n<p>Condori convoc\u00f3 al cabildo, en medio de su gira nacional, donde verifica el trabajo de sus colegas parlamentarios y promueve la realizaci\u00f3n de un referendo para bajarles los salarios a la mitad.<\/p>\n\n\n\n<blockquote class=\"tiktok-embed\" cite=\"https:\/\/www.tiktok.com\/@clickbol.online\/video\/7615719255514008850\" data-video-id=\"7615719255514008850\" style=\"max-width: 605px;min-width: 325px;\" > <section> <a target=\"_blank\" title=\"@clickbol.online\" href=\"https:\/\/www.tiktok.com\/@clickbol.online?refer=embed\">@clickbol.online<\/a> <p>\ud83d\udccc El vicepresidente Edmand Lara anunci\u00f3 que participar\u00e1 en el cabildo nacional convocado por el senador Nilton Condori en #ElAlto el 11 de abril. Seg\u00fan adelant\u00f3, en el encuentro se impulsar\u00e1 la eliminaci\u00f3n de la renta vitalicia para expresidentes y la reducci\u00f3n de salarios de los funcionarios p\u00fablicos, comenzando por las principales autoridades del Estado. \ud83d\udcb0\ud83d\udcc9<\/p> <a target=\"_blank\" title=\"\u266c sonido original  - Click\" href=\"https:\/\/www.tiktok.com\/music\/sonido-original-Click-7615719345533963016?refer=embed\">\u266c sonido original  &#8211; Click<\/a> <\/section> <\/blockquote> <script async src=\"https:\/\/www.tiktok.com\/embed.js\"><\/script>\n\n\n\n<p>\u201cHemos tenido la oportunidad de conversar con \u00e9l (Condori) y, bueno, nos sumamos a esa lucha y vamos a participar del cabildo del 11 de abril que se va a llevar a cabo en la ciudad de El Alto, donde vamos a pedir la eliminaci\u00f3n de la renta vitalicia y vamos a pedir la reducci\u00f3n de los salarios de todos los funcionarios p\u00fablicos, empezando del presidente, vicepresidente, ministros diputados y senadores\u201d, dijo Lara en una transmisi\u00f3n de TikTok.<\/p>\n\n\n\n<p>Llam\u00f3 a la poblaci\u00f3n a asistir al cabildo y asegur\u00f3 que la decisi\u00f3n ser\u00e1 vinculante, al tratarse de una expresi\u00f3n de la voluntad popular.<\/p>\n\n\n\n<p>\u201cLos invito a todos los bolivianos y bolivianas, tanto de las comunidades, las provincias de la ciudad, de todas las \u00e1reas, transportistas, gremiales, maestros organizaciones sociales, hag\u00e1monos respetar, hag\u00e1monos sentir el 11 de abril en la ciudad del alto tienes que asistir al gran cabildo nacional\u201d, afirm\u00f3.<\/p>\n\n\n\n<p>\/\/ Fuente: OPINI\u00d3N <\/p>\n\n\n\n<p><\/p>\n","protected":false},"excerpt":{"rendered":"<p>Condori convoc\u00f3 al cabildo, en medio de su gira nacional, donde verifica el trabajo de sus colegas parlamentarios y promueve la realizaci\u00f3n de un referendo para bajarles los salarios a&hellip;<\/p>\n","protected":false},"author":5,"featured_media":1875,"comment_status":"closed","ping_status":"open","sticky":false,"template":"","format":"standard","meta":{"_jetpack_memberships_contains_paid_content":false,"footnotes":""},"categories":[7],"tags":[1125,961,868,854,1113,869],"class_list":["post-1872","post","type-post","status-publish","format-standard","has-post-thumbnail","hentry","category-politica","tag-cabildo","tag-edmand-lara","tag-nilton-condori","tag-politica","tag-renta-vitalicia","tag-sueldos"],"yoast_head":"<!-- This site is optimized with the Yoast SEO plugin v27.4 - https:\/\/yoast.com\/product\/yoast-seo-wordpress\/ -->\n<title>Lara se suma al cabildo de Condori para reducir salarios de autoridades -<\/title>\n<meta name=\"robots\" content=\"index, follow, max-snippet:-1, max-image-preview:large, max-video-preview:-1\" \/>\n<link rel=\"canonical\" href=\"https:\/\/clickbol.online\/?p=1872\" \/>\n<meta property=\"og:locale\" content=\"es_ES\" \/>\n<meta property=\"og:type\" content=\"article\" \/>\n<meta property=\"og:title\" content=\"Lara se suma al cabildo de Condori para reducir salarios de autoridades -\" \/>\n<meta property=\"og:description\" content=\"Condori convoc\u00f3 al cabildo, en medio de su gira nacional, donde verifica el trabajo de sus colegas parlamentarios y promueve la realizaci\u00f3n de un referendo para bajarles los salarios a&hellip;\" \/>\n<meta property=\"og:url\" content=\"https:\/\/clickbol.online\/?p=1872\" \/>\n<meta property=\"article:published_time\" content=\"2026-03-10T22:19:21+00:00\" \/>\n<meta property=\"article:modified_time\" content=\"2026-03-10T23:05:38+00:00\" \/>\n<meta property=\"og:image\" content=\"https:\/\/clickbol.online\/wp-content\/uploads\/2026\/03\/CONDORI.jpg\" \/>\n\t<meta property=\"og:image:width\" content=\"835\" \/>\n\t<meta property=\"og:image:height\" content=\"597\" \/>\n\t<meta property=\"og:image:type\" content=\"image\/jpeg\" \/>\n<meta name=\"author\" content=\"Redacci\u00f3n Central\" \/>\n<meta name=\"twitter:card\" content=\"summary_large_image\" \/>\n<meta name=\"twitter:label1\" content=\"Escrito por\" \/>\n\t<meta name=\"twitter:data1\" content=\"Redacci\u00f3n Central\" \/>\n\t<meta name=\"twitter:label2\" content=\"Tiempo de lectura\" \/>\n\t<meta name=\"twitter:data2\" content=\"2 minutos\" \/>\n<script type=\"application\/ld+json\" class=\"yoast-schema-graph\">{\"@context\":\"https:\\\/\\\/schema.org\",\"@graph\":[{\"@type\":\"Article\",\"@id\":\"https:\\\/\\\/clickbol.online\\\/?p=1872#article\",\"isPartOf\":{\"@id\":\"https:\\\/\\\/clickbol.online\\\/?p=1872\"},\"author\":{\"name\":\"Redacci\u00f3n Central\",\"@id\":\"https:\\\/\\\/clickbol.online\\\/#\\\/schema\\\/person\\\/6a1d6a5ad656251cc2a8d120d2c57546\"},\"headline\":\"Lara se suma al cabildo de Condori para reducir salarios de autoridades\",\"datePublished\":\"2026-03-10T22:19:21+00:00\",\"dateModified\":\"2026-03-10T23:05:38+00:00\",\"mainEntityOfPage\":{\"@id\":\"https:\\\/\\\/clickbol.online\\\/?p=1872\"},\"wordCount\":343,\"publisher\":{\"@id\":\"https:\\\/\\\/clickbol.online\\\/#organization\"},\"image\":{\"@id\":\"https:\\\/\\\/clickbol.online\\\/?p=1872#primaryimage\"},\"thumbnailUrl\":\"https:\\\/\\\/clickbol.online\\\/wp-content\\\/uploads\\\/2026\\\/03\\\/CONDORI.jpg\",\"keywords\":[\"CABILDO\",\"EDMAND LARA\",\"NILTON CONDORI\",\"POL\u00cdTICA\",\"Renta vitalicia\",\"SUELDOS\"],\"articleSection\":[\"POL\u00cdTICA\"],\"inLanguage\":\"es\"},{\"@type\":\"WebPage\",\"@id\":\"https:\\\/\\\/clickbol.online\\\/?p=1872\",\"url\":\"https:\\\/\\\/clickbol.online\\\/?p=1872\",\"name\":\"Lara se suma al cabildo de Condori para reducir salarios de autoridades -\",\"isPartOf\":{\"@id\":\"https:\\\/\\\/clickbol.online\\\/#website\"},\"primaryImageOfPage\":{\"@id\":\"https:\\\/\\\/clickbol.online\\\/?p=1872#primaryimage\"},\"image\":{\"@id\":\"https:\\\/\\\/clickbol.online\\\/?p=1872#primaryimage\"},\"thumbnailUrl\":\"https:\\\/\\\/clickbol.online\\\/wp-content\\\/uploads\\\/2026\\\/03\\\/CONDORI.jpg\",\"datePublished\":\"2026-03-10T22:19:21+00:00\",\"dateModified\":\"2026-03-10T23:05:38+00:00\",\"breadcrumb\":{\"@id\":\"https:\\\/\\\/clickbol.online\\\/?p=1872#breadcrumb\"},\"inLanguage\":\"es\",\"potentialAction\":[{\"@type\":\"ReadAction\",\"target\":[\"https:\\\/\\\/clickbol.online\\\/?p=1872\"]}]},{\"@type\":\"ImageObject\",\"inLanguage\":\"es\",\"@id\":\"https:\\\/\\\/clickbol.online\\\/?p=1872#primaryimage\",\"url\":\"https:\\\/\\\/clickbol.online\\\/wp-content\\\/uploads\\\/2026\\\/03\\\/CONDORI.jpg\",\"contentUrl\":\"https:\\\/\\\/clickbol.online\\\/wp-content\\\/uploads\\\/2026\\\/03\\\/CONDORI.jpg\",\"width\":835,\"height\":597},{\"@type\":\"BreadcrumbList\",\"@id\":\"https:\\\/\\\/clickbol.online\\\/?p=1872#breadcrumb\",\"itemListElement\":[{\"@type\":\"ListItem\",\"position\":1,\"name\":\"Portada\",\"item\":\"https:\\\/\\\/clickbol.online\\\/\"},{\"@type\":\"ListItem\",\"position\":2,\"name\":\"Lara se suma al cabildo de Condori para reducir salarios de autoridades\"}]},{\"@type\":\"WebSite\",\"@id\":\"https:\\\/\\\/clickbol.online\\\/#website\",\"url\":\"https:\\\/\\\/clickbol.online\\\/\",\"name\":\"Click a tu Alcance\",\"description\":\"\",\"publisher\":{\"@id\":\"https:\\\/\\\/clickbol.online\\\/#organization\"},\"potentialAction\":[{\"@type\":\"SearchAction\",\"target\":{\"@type\":\"EntryPoint\",\"urlTemplate\":\"https:\\\/\\\/clickbol.online\\\/?s={search_term_string}\"},\"query-input\":{\"@type\":\"PropertyValueSpecification\",\"valueRequired\":true,\"valueName\":\"search_term_string\"}}],\"inLanguage\":\"es\"},{\"@type\":\"Organization\",\"@id\":\"https:\\\/\\\/clickbol.online\\\/#organization\",\"name\":\"Click a tu Alcance\",\"url\":\"https:\\\/\\\/clickbol.online\\\/\",\"logo\":{\"@type\":\"ImageObject\",\"inLanguage\":\"es\",\"@id\":\"https:\\\/\\\/clickbol.online\\\/#\\\/schema\\\/logo\\\/image\\\/\",\"url\":\"https:\\\/\\\/clickbol.online\\\/wp-content\\\/uploads\\\/2026\\\/01\\\/cropped-kokokoko.jpg.jpeg\",\"contentUrl\":\"https:\\\/\\\/clickbol.online\\\/wp-content\\\/uploads\\\/2026\\\/01\\\/cropped-kokokoko.jpg.jpeg\",\"width\":700,\"height\":300,\"caption\":\"Click a tu Alcance\"},\"image\":{\"@id\":\"https:\\\/\\\/clickbol.online\\\/#\\\/schema\\\/logo\\\/image\\\/\"}},{\"@type\":\"Person\",\"@id\":\"https:\\\/\\\/clickbol.online\\\/#\\\/schema\\\/person\\\/6a1d6a5ad656251cc2a8d120d2c57546\",\"name\":\"Redacci\u00f3n Central\",\"image\":{\"@type\":\"ImageObject\",\"inLanguage\":\"es\",\"@id\":\"https:\\\/\\\/secure.gravatar.com\\\/avatar\\\/ed9a609e47cf58b578bda1696c506f1382ef86f5ac2f8b56d98e082d3e5b3bb6?s=96&d=mm&r=g\",\"url\":\"https:\\\/\\\/secure.gravatar.com\\\/avatar\\\/ed9a609e47cf58b578bda1696c506f1382ef86f5ac2f8b56d98e082d3e5b3bb6?s=96&d=mm&r=g\",\"contentUrl\":\"https:\\\/\\\/secure.gravatar.com\\\/avatar\\\/ed9a609e47cf58b578bda1696c506f1382ef86f5ac2f8b56d98e082d3e5b3bb6?s=96&d=mm&r=g\",\"caption\":\"Redacci\u00f3n Central\"},\"sameAs\":[\"https:\\\/\\\/clickbol.online\\\/\"],\"url\":\"https:\\\/\\\/clickbol.online\\\/?author=5\"}]}<\/script>\n<!-- \/ Yoast SEO plugin. -->","yoast_head_json":{"title":"Lara se suma al cabildo de Condori para reducir salarios de autoridades -","robots":{"index":"index","follow":"follow","max-snippet":"max-snippet:-1","max-image-preview":"max-image-preview:large","max-video-preview":"max-video-preview:-1"},"canonical":"https:\/\/clickbol.online\/?p=1872","og_locale":"es_ES","og_type":"article","og_title":"Lara se suma al cabildo de Condori para reducir salarios de autoridades -","og_description":"Condori convoc\u00f3 al cabildo, en medio de su gira nacional, donde verifica el trabajo de sus colegas parlamentarios y promueve la realizaci\u00f3n de un referendo para bajarles los salarios a&hellip;","og_url":"https:\/\/clickbol.online\/?p=1872","article_published_time":"2026-03-10T22:19:21+00:00","article_modified_time":"2026-03-10T23:05:38+00:00","og_image":[{"width":835,"height":597,"url":"https:\/\/clickbol.online\/wp-content\/uploads\/2026\/03\/CONDORI.jpg","type":"image\/jpeg"}],"author":"Redacci\u00f3n Central","twitter_card":"summary_large_image","twitter_misc":{"Escrito por":"Redacci\u00f3n Central","Tiempo de lectura":"2 minutos"},"schema":{"@context":"https:\/\/schema.org","@graph":[{"@type":"Article","@id":"https:\/\/clickbol.online\/?p=1872#article","isPartOf":{"@id":"https:\/\/clickbol.online\/?p=1872"},"author":{"name":"Redacci\u00f3n Central","@id":"https:\/\/clickbol.online\/#\/schema\/person\/6a1d6a5ad656251cc2a8d120d2c57546"},"headline":"Lara se suma al cabildo de Condori para reducir salarios de autoridades","datePublished":"2026-03-10T22:19:21+00:00","dateModified":"2026-03-10T23:05:38+00:00","mainEntityOfPage":{"@id":"https:\/\/clickbol.online\/?p=1872"},"wordCount":343,"publisher":{"@id":"https:\/\/clickbol.online\/#organization"},"image":{"@id":"https:\/\/clickbol.online\/?p=1872#primaryimage"},"thumbnailUrl":"https:\/\/clickbol.online\/wp-content\/uploads\/2026\/03\/CONDORI.jpg","keywords":["CABILDO","EDMAND LARA","NILTON CONDORI","POL\u00cdTICA","Renta vitalicia","SUELDOS"],"articleSection":["POL\u00cdTICA"],"inLanguage":"es"},{"@type":"WebPage","@id":"https:\/\/clickbol.online\/?p=1872","url":"https:\/\/clickbol.online\/?p=1872","name":"Lara se suma al cabildo de Condori para reducir salarios de autoridades -","isPartOf":{"@id":"https:\/\/clickbol.online\/#website"},"primaryImageOfPage":{"@id":"https:\/\/clickbol.online\/?p=1872#primaryimage"},"image":{"@id":"https:\/\/clickbol.online\/?p=1872#primaryimage"},"thumbnailUrl":"https:\/\/clickbol.online\/wp-content\/uploads\/2026\/03\/CONDORI.jpg","datePublished":"2026-03-10T22:19:21+00:00","dateModified":"2026-03-10T23:05:38+00:00","breadcrumb":{"@id":"https:\/\/clickbol.online\/?p=1872#breadcrumb"},"inLanguage":"es","potentialAction":[{"@type":"ReadAction","target":["https:\/\/clickbol.online\/?p=1872"]}]},{"@type":"ImageObject","inLanguage":"es","@id":"https:\/\/clickbol.online\/?p=1872#primaryimage","url":"https:\/\/clickbol.online\/wp-content\/uploads\/2026\/03\/CONDORI.jpg","contentUrl":"https:\/\/clickbol.online\/wp-content\/uploads\/2026\/03\/CONDORI.jpg","width":835,"height":597},{"@type":"BreadcrumbList","@id":"https:\/\/clickbol.online\/?p=1872#breadcrumb","itemListElement":[{"@type":"ListItem","position":1,"name":"Portada","item":"https:\/\/clickbol.online\/"},{"@type":"ListItem","position":2,"name":"Lara se suma al cabildo de Condori para reducir salarios de autoridades"}]},{"@type":"WebSite","@id":"https:\/\/clickbol.online\/#website","url":"https:\/\/clickbol.online\/","name":"Click a tu Alcance","description":"","publisher":{"@id":"https:\/\/clickbol.online\/#organization"},"potentialAction":[{"@type":"SearchAction","target":{"@type":"EntryPoint","urlTemplate":"https:\/\/clickbol.online\/?s={search_term_string}"},"query-input":{"@type":"PropertyValueSpecification","valueRequired":true,"valueName":"search_term_string"}}],"inLanguage":"es"},{"@type":"Organization","@id":"https:\/\/clickbol.online\/#organization","name":"Click a tu Alcance","url":"https:\/\/clickbol.online\/","logo":{"@type":"ImageObject","inLanguage":"es","@id":"https:\/\/clickbol.online\/#\/schema\/logo\/image\/","url":"https:\/\/clickbol.online\/wp-content\/uploads\/2026\/01\/cropped-kokokoko.jpg.jpeg","contentUrl":"https:\/\/clickbol.online\/wp-content\/uploads\/2026\/01\/cropped-kokokoko.jpg.jpeg","width":700,"height":300,"caption":"Click a tu Alcance"},"image":{"@id":"https:\/\/clickbol.online\/#\/schema\/logo\/image\/"}},{"@type":"Person","@id":"https:\/\/clickbol.online\/#\/schema\/person\/6a1d6a5ad656251cc2a8d120d2c57546","name":"Redacci\u00f3n Central","image":{"@type":"ImageObject","inLanguage":"es","@id":"https:\/\/secure.gravatar.com\/avatar\/ed9a609e47cf58b578bda1696c506f1382ef86f5ac2f8b56d98e082d3e5b3bb6?s=96&d=mm&r=g","url":"https:\/\/secure.gravatar.com\/avatar\/ed9a609e47cf58b578bda1696c506f1382ef86f5ac2f8b56d98e082d3e5b3bb6?s=96&d=mm&r=g","contentUrl":"https:\/\/secure.gravatar.com\/avatar\/ed9a609e47cf58b578bda1696c506f1382ef86f5ac2f8b56d98e082d3e5b3bb6?s=96&d=mm&r=g","caption":"Redacci\u00f3n Central"},"sameAs":["https:\/\/clickbol.online\/"],"url":"https:\/\/clickbol.online\/?author=5"}]}},"jetpack_featured_media_url":"https:\/\/clickbol.online\/wp-content\/uploads\/2026\/03\/CONDORI.jpg","jetpack_sharing_enabled":true,"_links":{"self":[{"href":"https:\/\/clickbol.online\/index.php?rest_route=\/wp\/v2\/posts\/1872","targetHints":{"allow":["GET"]}}],"collection":[{"href":"https:\/\/clickbol.online\/index.php?rest_route=\/wp\/v2\/posts"}],"about":[{"href":"https:\/\/clickbol.online\/index.php?rest_route=\/wp\/v2\/types\/post"}],"author":[{"embeddable":true,"href":"https:\/\/clickbol.online\/index.php?rest_route=\/wp\/v2\/users\/5"}],"replies":[{"embeddable":true,"href":"https:\/\/clickbol.online\/index.php?rest_route=%2Fwp%2Fv2%2Fcomments&post=1872"}],"version-history":[{"count":1,"href":"https:\/\/clickbol.online\/index.php?rest_route=\/wp\/v2\/posts\/1872\/revisions"}],"predecessor-version":[{"id":1876,"href":"https:\/\/clickbol.online\/index.php?rest_route=\/wp\/v2\/posts\/1872\/revisions\/1876"}],"wp:featuredmedia":[{"embeddable":true,"href":"https:\/\/clickbol.online\/index.php?rest_route=\/wp\/v2\/media\/1875"}],"wp:attachment":[{"href":"https:\/\/clickbol.online\/index.php?rest_route=%2Fwp%2Fv2%2Fmedia&parent=1872"}],"wp:term":[{"taxonomy":"category","embeddable":true,"href":"https:\/\/clickbol.online\/index.php?rest_route=%2Fwp%2Fv2%2Fcategories&post=1872"},{"taxonomy":"post_tag","embeddable":true,"href":"https:\/\/clickbol.online\/index.php?rest_route=%2Fwp%2Fv2%2Ftags&post=1872"}],"curies":[{"name":"wp","href":"https:\/\/api.w.org\/{rel}","templated":true}]}}