{"id":1906,"date":"2026-03-12T15:18:24","date_gmt":"2026-03-12T19:18:24","guid":{"rendered":"https:\/\/clickbol.online\/?p=1906"},"modified":"2026-03-12T15:18:28","modified_gmt":"2026-03-12T19:18:28","slug":"evo-considera-que-retirar-su-busto-de-la-asamblea-es-reverencia-al-rey-de-espana","status":"publish","type":"post","link":"https:\/\/clickbol.online\/?p=1906","title":{"rendered":"Evo considera que retirar su busto de la Asamblea es \u00abreverencia al Rey de Espa\u00f1a\u00bb"},"content":{"rendered":"\n<p><em>La decisi\u00f3n del Senado coincidi\u00f3 con la jornada en que lleg\u00f3 a Bolivia el Rey Felipe VI de Espa\u00f1a, en una visita oficial.<br><\/em>Luego de que el Senado dispuso quitar su busto de la Asamblea Legislativa, el expresidente Evo Morales asever\u00f3 que el monumento era un reconocimiento a los ind\u00edgenas y que, ahora, retirarlo es una \u00abreverencia al Rey de Espa\u00f1a\u00bb.<\/p>\n\n\n\n<p>El mi\u00e9rcoles, el Senado por dos tercios decidi\u00f3 el retiro del busto, al considerar que no hab\u00eda cumplido los requisitos de la Ley de Monumentos.<\/p>\n\n\n\n<p>La decisi\u00f3n del Senado coincidi\u00f3 con la jornada en que lleg\u00f3 a Bolivia el Rey Felipe VI de Espa\u00f1a, en una visita oficial.<\/p>\n\n\n\n<p>\u00abComo reverencia al Rey de Espa\u00f1a -m\u00e1ximo exponente del colonialismo- que visita Bolivia, un grupo de senadores decidi\u00f3 retirar de la Asamblea Legislativa un busto con mi imagen que fue colocado, en el pasado, como reconocimiento a los pueblos ind\u00edgenas\u00bb, public\u00f3 Evo en redes sociales.&nbsp;<\/p>\n\n\n\n<p>Denunci\u00f3 tambi\u00e9n la \u00abmentalidad colonial\u00bb como una \u00abdoctrina de odio a los pueblos originarios; es exclusi\u00f3n, racismo y discriminaci\u00f3n; es persecuci\u00f3n y humillaci\u00f3n; es difamaci\u00f3n y linchamiento medi\u00e1tico\u00bb.<\/p>\n\n\n\n<p>\u00abPodr\u00e1n destruir bustos y monumentos pero no borrar\u00e1n la memoria de los pueblos ind\u00edgenas y de los trabajadores que lucharon contra los invasores colonialistas, opresores, explotadores, terratenientes, neoliberales y vendepatria\u00bb, agreg\u00f3.<\/p>\n\n\n\n<p><em>\/\/ Fuente: OPINI\u00d3N <\/em><\/p>\n","protected":false},"excerpt":{"rendered":"<p>La decisi\u00f3n del Senado coincidi\u00f3 con la jornada en que lleg\u00f3 a Bolivia el Rey Felipe VI de Espa\u00f1a, en una visita oficial.Luego de que el Senado dispuso quitar su&hellip;<\/p>\n","protected":false},"author":5,"featured_media":1907,"comment_status":"closed","ping_status":"open","sticky":false,"template":"","format":"standard","meta":{"_jetpack_memberships_contains_paid_content":false,"footnotes":""},"categories":[7],"tags":[1146,10,1145,62,1139,854,1138],"class_list":["post-1906","post","type-post","status-publish","format-standard","has-post-thumbnail","hentry","category-politica","tag-asamblea","tag-bolivia","tag-busto","tag-evo-morales","tag-felipe-vi","tag-politica","tag-rey-de-espana"],"yoast_head":"<!-- This site is optimized with the Yoast SEO plugin v27.4 - https:\/\/yoast.com\/product\/yoast-seo-wordpress\/ -->\n<title>Evo considera que retirar su busto de la Asamblea es &quot;reverencia al Rey de Espa\u00f1a&quot; -<\/title>\n<meta name=\"robots\" content=\"index, follow, max-snippet:-1, max-image-preview:large, max-video-preview:-1\" \/>\n<link rel=\"canonical\" href=\"https:\/\/clickbol.online\/?p=1906\" \/>\n<meta property=\"og:locale\" content=\"es_ES\" \/>\n<meta property=\"og:type\" content=\"article\" \/>\n<meta property=\"og:title\" content=\"Evo considera que retirar su busto de la Asamblea es &quot;reverencia al Rey de Espa\u00f1a&quot; -\" \/>\n<meta property=\"og:description\" content=\"La decisi\u00f3n del Senado coincidi\u00f3 con la jornada en que lleg\u00f3 a Bolivia el Rey Felipe VI de Espa\u00f1a, en una visita oficial.Luego de que el Senado dispuso quitar su&hellip;\" \/>\n<meta property=\"og:url\" content=\"https:\/\/clickbol.online\/?p=1906\" \/>\n<meta property=\"article:published_time\" content=\"2026-03-12T19:18:24+00:00\" \/>\n<meta property=\"article:modified_time\" content=\"2026-03-12T19:18:28+00:00\" \/>\n<meta property=\"og:image\" content=\"https:\/\/clickbol.online\/wp-content\/uploads\/2026\/03\/BUSTO.jpg\" \/>\n\t<meta property=\"og:image:width\" content=\"979\" \/>\n\t<meta property=\"og:image:height\" content=\"546\" \/>\n\t<meta property=\"og:image:type\" content=\"image\/jpeg\" \/>\n<meta name=\"author\" content=\"Redacci\u00f3n Central\" \/>\n<meta name=\"twitter:card\" content=\"summary_large_image\" \/>\n<meta name=\"twitter:label1\" content=\"Escrito por\" \/>\n\t<meta name=\"twitter:data1\" content=\"Redacci\u00f3n Central\" \/>\n\t<meta name=\"twitter:label2\" content=\"Tiempo de lectura\" \/>\n\t<meta name=\"twitter:data2\" content=\"2 minutos\" \/>\n<script type=\"application\/ld+json\" class=\"yoast-schema-graph\">{\"@context\":\"https:\\\/\\\/schema.org\",\"@graph\":[{\"@type\":\"Article\",\"@id\":\"https:\\\/\\\/clickbol.online\\\/?p=1906#article\",\"isPartOf\":{\"@id\":\"https:\\\/\\\/clickbol.online\\\/?p=1906\"},\"author\":{\"name\":\"Redacci\u00f3n Central\",\"@id\":\"https:\\\/\\\/clickbol.online\\\/#\\\/schema\\\/person\\\/6a1d6a5ad656251cc2a8d120d2c57546\"},\"headline\":\"Evo considera que retirar su busto de la Asamblea es \u00abreverencia al Rey de Espa\u00f1a\u00bb\",\"datePublished\":\"2026-03-12T19:18:24+00:00\",\"dateModified\":\"2026-03-12T19:18:28+00:00\",\"mainEntityOfPage\":{\"@id\":\"https:\\\/\\\/clickbol.online\\\/?p=1906\"},\"wordCount\":254,\"publisher\":{\"@id\":\"https:\\\/\\\/clickbol.online\\\/#organization\"},\"image\":{\"@id\":\"https:\\\/\\\/clickbol.online\\\/?p=1906#primaryimage\"},\"thumbnailUrl\":\"https:\\\/\\\/clickbol.online\\\/wp-content\\\/uploads\\\/2026\\\/03\\\/BUSTO.jpg\",\"keywords\":[\"ASAMBLEA\",\"Bolivia\",\"BUSTO\",\"Evo Morales\",\"FELIPE VI\",\"POL\u00cdTICA\",\"REY DE ESPA\u00d1A\"],\"articleSection\":[\"POL\u00cdTICA\"],\"inLanguage\":\"es\"},{\"@type\":\"WebPage\",\"@id\":\"https:\\\/\\\/clickbol.online\\\/?p=1906\",\"url\":\"https:\\\/\\\/clickbol.online\\\/?p=1906\",\"name\":\"Evo considera que retirar su busto de la Asamblea es \\\"reverencia al Rey de Espa\u00f1a\\\" -\",\"isPartOf\":{\"@id\":\"https:\\\/\\\/clickbol.online\\\/#website\"},\"primaryImageOfPage\":{\"@id\":\"https:\\\/\\\/clickbol.online\\\/?p=1906#primaryimage\"},\"image\":{\"@id\":\"https:\\\/\\\/clickbol.online\\\/?p=1906#primaryimage\"},\"thumbnailUrl\":\"https:\\\/\\\/clickbol.online\\\/wp-content\\\/uploads\\\/2026\\\/03\\\/BUSTO.jpg\",\"datePublished\":\"2026-03-12T19:18:24+00:00\",\"dateModified\":\"2026-03-12T19:18:28+00:00\",\"breadcrumb\":{\"@id\":\"https:\\\/\\\/clickbol.online\\\/?p=1906#breadcrumb\"},\"inLanguage\":\"es\",\"potentialAction\":[{\"@type\":\"ReadAction\",\"target\":[\"https:\\\/\\\/clickbol.online\\\/?p=1906\"]}]},{\"@type\":\"ImageObject\",\"inLanguage\":\"es\",\"@id\":\"https:\\\/\\\/clickbol.online\\\/?p=1906#primaryimage\",\"url\":\"https:\\\/\\\/clickbol.online\\\/wp-content\\\/uploads\\\/2026\\\/03\\\/BUSTO.jpg\",\"contentUrl\":\"https:\\\/\\\/clickbol.online\\\/wp-content\\\/uploads\\\/2026\\\/03\\\/BUSTO.jpg\",\"width\":979,\"height\":546},{\"@type\":\"BreadcrumbList\",\"@id\":\"https:\\\/\\\/clickbol.online\\\/?p=1906#breadcrumb\",\"itemListElement\":[{\"@type\":\"ListItem\",\"position\":1,\"name\":\"Portada\",\"item\":\"https:\\\/\\\/clickbol.online\\\/\"},{\"@type\":\"ListItem\",\"position\":2,\"name\":\"Evo considera que retirar su busto de la Asamblea es \u00abreverencia al Rey de Espa\u00f1a\u00bb\"}]},{\"@type\":\"WebSite\",\"@id\":\"https:\\\/\\\/clickbol.online\\\/#website\",\"url\":\"https:\\\/\\\/clickbol.online\\\/\",\"name\":\"Click a tu Alcance\",\"description\":\"\",\"publisher\":{\"@id\":\"https:\\\/\\\/clickbol.online\\\/#organization\"},\"potentialAction\":[{\"@type\":\"SearchAction\",\"target\":{\"@type\":\"EntryPoint\",\"urlTemplate\":\"https:\\\/\\\/clickbol.online\\\/?s={search_term_string}\"},\"query-input\":{\"@type\":\"PropertyValueSpecification\",\"valueRequired\":true,\"valueName\":\"search_term_string\"}}],\"inLanguage\":\"es\"},{\"@type\":\"Organization\",\"@id\":\"https:\\\/\\\/clickbol.online\\\/#organization\",\"name\":\"Click a tu Alcance\",\"url\":\"https:\\\/\\\/clickbol.online\\\/\",\"logo\":{\"@type\":\"ImageObject\",\"inLanguage\":\"es\",\"@id\":\"https:\\\/\\\/clickbol.online\\\/#\\\/schema\\\/logo\\\/image\\\/\",\"url\":\"https:\\\/\\\/clickbol.online\\\/wp-content\\\/uploads\\\/2026\\\/01\\\/cropped-kokokoko.jpg.jpeg\",\"contentUrl\":\"https:\\\/\\\/clickbol.online\\\/wp-content\\\/uploads\\\/2026\\\/01\\\/cropped-kokokoko.jpg.jpeg\",\"width\":700,\"height\":300,\"caption\":\"Click a tu Alcance\"},\"image\":{\"@id\":\"https:\\\/\\\/clickbol.online\\\/#\\\/schema\\\/logo\\\/image\\\/\"}},{\"@type\":\"Person\",\"@id\":\"https:\\\/\\\/clickbol.online\\\/#\\\/schema\\\/person\\\/6a1d6a5ad656251cc2a8d120d2c57546\",\"name\":\"Redacci\u00f3n Central\",\"image\":{\"@type\":\"ImageObject\",\"inLanguage\":\"es\",\"@id\":\"https:\\\/\\\/secure.gravatar.com\\\/avatar\\\/ed9a609e47cf58b578bda1696c506f1382ef86f5ac2f8b56d98e082d3e5b3bb6?s=96&d=mm&r=g\",\"url\":\"https:\\\/\\\/secure.gravatar.com\\\/avatar\\\/ed9a609e47cf58b578bda1696c506f1382ef86f5ac2f8b56d98e082d3e5b3bb6?s=96&d=mm&r=g\",\"contentUrl\":\"https:\\\/\\\/secure.gravatar.com\\\/avatar\\\/ed9a609e47cf58b578bda1696c506f1382ef86f5ac2f8b56d98e082d3e5b3bb6?s=96&d=mm&r=g\",\"caption\":\"Redacci\u00f3n Central\"},\"sameAs\":[\"https:\\\/\\\/clickbol.online\\\/\"],\"url\":\"https:\\\/\\\/clickbol.online\\\/?author=5\"}]}<\/script>\n<!-- \/ Yoast SEO plugin. -->","yoast_head_json":{"title":"Evo considera que retirar su busto de la Asamblea es \"reverencia al Rey de Espa\u00f1a\" -","robots":{"index":"index","follow":"follow","max-snippet":"max-snippet:-1","max-image-preview":"max-image-preview:large","max-video-preview":"max-video-preview:-1"},"canonical":"https:\/\/clickbol.online\/?p=1906","og_locale":"es_ES","og_type":"article","og_title":"Evo considera que retirar su busto de la Asamblea es \"reverencia al Rey de Espa\u00f1a\" -","og_description":"La decisi\u00f3n del Senado coincidi\u00f3 con la jornada en que lleg\u00f3 a Bolivia el Rey Felipe VI de Espa\u00f1a, en una visita oficial.Luego de que el Senado dispuso quitar su&hellip;","og_url":"https:\/\/clickbol.online\/?p=1906","article_published_time":"2026-03-12T19:18:24+00:00","article_modified_time":"2026-03-12T19:18:28+00:00","og_image":[{"width":979,"height":546,"url":"https:\/\/clickbol.online\/wp-content\/uploads\/2026\/03\/BUSTO.jpg","type":"image\/jpeg"}],"author":"Redacci\u00f3n Central","twitter_card":"summary_large_image","twitter_misc":{"Escrito por":"Redacci\u00f3n Central","Tiempo de lectura":"2 minutos"},"schema":{"@context":"https:\/\/schema.org","@graph":[{"@type":"Article","@id":"https:\/\/clickbol.online\/?p=1906#article","isPartOf":{"@id":"https:\/\/clickbol.online\/?p=1906"},"author":{"name":"Redacci\u00f3n Central","@id":"https:\/\/clickbol.online\/#\/schema\/person\/6a1d6a5ad656251cc2a8d120d2c57546"},"headline":"Evo considera que retirar su busto de la Asamblea es \u00abreverencia al Rey de Espa\u00f1a\u00bb","datePublished":"2026-03-12T19:18:24+00:00","dateModified":"2026-03-12T19:18:28+00:00","mainEntityOfPage":{"@id":"https:\/\/clickbol.online\/?p=1906"},"wordCount":254,"publisher":{"@id":"https:\/\/clickbol.online\/#organization"},"image":{"@id":"https:\/\/clickbol.online\/?p=1906#primaryimage"},"thumbnailUrl":"https:\/\/clickbol.online\/wp-content\/uploads\/2026\/03\/BUSTO.jpg","keywords":["ASAMBLEA","Bolivia","BUSTO","Evo Morales","FELIPE VI","POL\u00cdTICA","REY DE ESPA\u00d1A"],"articleSection":["POL\u00cdTICA"],"inLanguage":"es"},{"@type":"WebPage","@id":"https:\/\/clickbol.online\/?p=1906","url":"https:\/\/clickbol.online\/?p=1906","name":"Evo considera que retirar su busto de la Asamblea es \"reverencia al Rey de Espa\u00f1a\" -","isPartOf":{"@id":"https:\/\/clickbol.online\/#website"},"primaryImageOfPage":{"@id":"https:\/\/clickbol.online\/?p=1906#primaryimage"},"image":{"@id":"https:\/\/clickbol.online\/?p=1906#primaryimage"},"thumbnailUrl":"https:\/\/clickbol.online\/wp-content\/uploads\/2026\/03\/BUSTO.jpg","datePublished":"2026-03-12T19:18:24+00:00","dateModified":"2026-03-12T19:18:28+00:00","breadcrumb":{"@id":"https:\/\/clickbol.online\/?p=1906#breadcrumb"},"inLanguage":"es","potentialAction":[{"@type":"ReadAction","target":["https:\/\/clickbol.online\/?p=1906"]}]},{"@type":"ImageObject","inLanguage":"es","@id":"https:\/\/clickbol.online\/?p=1906#primaryimage","url":"https:\/\/clickbol.online\/wp-content\/uploads\/2026\/03\/BUSTO.jpg","contentUrl":"https:\/\/clickbol.online\/wp-content\/uploads\/2026\/03\/BUSTO.jpg","width":979,"height":546},{"@type":"BreadcrumbList","@id":"https:\/\/clickbol.online\/?p=1906#breadcrumb","itemListElement":[{"@type":"ListItem","position":1,"name":"Portada","item":"https:\/\/clickbol.online\/"},{"@type":"ListItem","position":2,"name":"Evo considera que retirar su busto de la Asamblea es \u00abreverencia al Rey de Espa\u00f1a\u00bb"}]},{"@type":"WebSite","@id":"https:\/\/clickbol.online\/#website","url":"https:\/\/clickbol.online\/","name":"Click a tu Alcance","description":"","publisher":{"@id":"https:\/\/clickbol.online\/#organization"},"potentialAction":[{"@type":"SearchAction","target":{"@type":"EntryPoint","urlTemplate":"https:\/\/clickbol.online\/?s={search_term_string}"},"query-input":{"@type":"PropertyValueSpecification","valueRequired":true,"valueName":"search_term_string"}}],"inLanguage":"es"},{"@type":"Organization","@id":"https:\/\/clickbol.online\/#organization","name":"Click a tu Alcance","url":"https:\/\/clickbol.online\/","logo":{"@type":"ImageObject","inLanguage":"es","@id":"https:\/\/clickbol.online\/#\/schema\/logo\/image\/","url":"https:\/\/clickbol.online\/wp-content\/uploads\/2026\/01\/cropped-kokokoko.jpg.jpeg","contentUrl":"https:\/\/clickbol.online\/wp-content\/uploads\/2026\/01\/cropped-kokokoko.jpg.jpeg","width":700,"height":300,"caption":"Click a tu Alcance"},"image":{"@id":"https:\/\/clickbol.online\/#\/schema\/logo\/image\/"}},{"@type":"Person","@id":"https:\/\/clickbol.online\/#\/schema\/person\/6a1d6a5ad656251cc2a8d120d2c57546","name":"Redacci\u00f3n Central","image":{"@type":"ImageObject","inLanguage":"es","@id":"https:\/\/secure.gravatar.com\/avatar\/ed9a609e47cf58b578bda1696c506f1382ef86f5ac2f8b56d98e082d3e5b3bb6?s=96&d=mm&r=g","url":"https:\/\/secure.gravatar.com\/avatar\/ed9a609e47cf58b578bda1696c506f1382ef86f5ac2f8b56d98e082d3e5b3bb6?s=96&d=mm&r=g","contentUrl":"https:\/\/secure.gravatar.com\/avatar\/ed9a609e47cf58b578bda1696c506f1382ef86f5ac2f8b56d98e082d3e5b3bb6?s=96&d=mm&r=g","caption":"Redacci\u00f3n Central"},"sameAs":["https:\/\/clickbol.online\/"],"url":"https:\/\/clickbol.online\/?author=5"}]}},"jetpack_featured_media_url":"https:\/\/clickbol.online\/wp-content\/uploads\/2026\/03\/BUSTO.jpg","jetpack_sharing_enabled":true,"_links":{"self":[{"href":"https:\/\/clickbol.online\/index.php?rest_route=\/wp\/v2\/posts\/1906","targetHints":{"allow":["GET"]}}],"collection":[{"href":"https:\/\/clickbol.online\/index.php?rest_route=\/wp\/v2\/posts"}],"about":[{"href":"https:\/\/clickbol.online\/index.php?rest_route=\/wp\/v2\/types\/post"}],"author":[{"embeddable":true,"href":"https:\/\/clickbol.online\/index.php?rest_route=\/wp\/v2\/users\/5"}],"replies":[{"embeddable":true,"href":"https:\/\/clickbol.online\/index.php?rest_route=%2Fwp%2Fv2%2Fcomments&post=1906"}],"version-history":[{"count":1,"href":"https:\/\/clickbol.online\/index.php?rest_route=\/wp\/v2\/posts\/1906\/revisions"}],"predecessor-version":[{"id":1908,"href":"https:\/\/clickbol.online\/index.php?rest_route=\/wp\/v2\/posts\/1906\/revisions\/1908"}],"wp:featuredmedia":[{"embeddable":true,"href":"https:\/\/clickbol.online\/index.php?rest_route=\/wp\/v2\/media\/1907"}],"wp:attachment":[{"href":"https:\/\/clickbol.online\/index.php?rest_route=%2Fwp%2Fv2%2Fmedia&parent=1906"}],"wp:term":[{"taxonomy":"category","embeddable":true,"href":"https:\/\/clickbol.online\/index.php?rest_route=%2Fwp%2Fv2%2Fcategories&post=1906"},{"taxonomy":"post_tag","embeddable":true,"href":"https:\/\/clickbol.online\/index.php?rest_route=%2Fwp%2Fv2%2Ftags&post=1906"}],"curies":[{"name":"wp","href":"https:\/\/api.w.org\/{rel}","templated":true}]}}