{"id":1909,"date":"2026-03-12T17:42:22","date_gmt":"2026-03-12T21:42:22","guid":{"rendered":"https:\/\/clickbol.online\/?p=1909"},"modified":"2026-03-12T17:50:07","modified_gmt":"2026-03-12T21:50:07","slug":"molina-cuestiona-a-manfred-por-no-confirmar-asistencia-al-debate-y-le-exige-dar-la-cara-a-cochabamba","status":"publish","type":"post","link":"https:\/\/clickbol.online\/?p=1909","title":{"rendered":"Cuestionan a Manfred por no confirmar asistencia al debate; Molina le exige \u201cdar la cara\u201d a Cochabamba"},"content":{"rendered":"\n<p>La candidata a la Alcald\u00eda de Cochabamba, Roc\u00edo Molina, critic\u00f3 al alcalde y postulante a la reelecci\u00f3n, Manfred Reyes Villa, luego de que \u00e9ste no confirmara su asistencia al debate convocado por el Tribunal Electoral Departamental (TED) rumbo a las elecciones subnacionales.<\/p>\n\n\n\n<blockquote class=\"tiktok-embed\" cite=\"https:\/\/www.tiktok.com\/@clickbol.online\/video\/7615687947202891015\" data-video-id=\"7615687947202891015\" style=\"max-width: 605px;min-width: 325px;\" > <section> <a target=\"_blank\" title=\"@clickbol.online\" href=\"https:\/\/www.tiktok.com\/@clickbol.online?refer=embed\">@clickbol.online<\/a> \ud83d\uddf3\ufe0f\u274c El alcalde de <a title=\"cochabamba\" target=\"_blank\" href=\"https:\/\/www.tiktok.com\/tag\/cochabamba?refer=embed\">#Cochabamba<\/a>, Manfred Reyes Villa, se\u00f1al\u00f3 que a\u00fan no confirma su asistencia al debate organizado por el Tribunal Electoral Departamental de Cochabamba rumbo a las elecciones subnacionales, al que calific\u00f3 como un posible \u201cdebate de guerra sucia\u201d. \ud83d\uddf3\ufe0f <a title=\"fyp\" target=\"_blank\" href=\"https:\/\/www.tiktok.com\/tag\/fyp?refer=embed\">#fyp<\/a> <a title=\"tse\" target=\"_blank\" href=\"https:\/\/www.tiktok.com\/tag\/tse?refer=embed\">#tse<\/a> <a title=\"elecciones\" target=\"_blank\" href=\"https:\/\/www.tiktok.com\/tag\/elecciones?refer=embed\">#elecciones<\/a> <a title=\"debate\" target=\"_blank\" href=\"https:\/\/www.tiktok.com\/tag\/debate?refer=embed\">#debate<\/a> <a title=\"click\" target=\"_blank\" href=\"https:\/\/www.tiktok.com\/tag\/click?refer=embed\">#click<\/a> <a title=\"bolivia\" target=\"_blank\" href=\"https:\/\/www.tiktok.com\/tag\/bolivia?refer=embed\">#bolivia<\/a> <a target=\"_blank\" title=\"\u266c sonido original  - Click\" href=\"https:\/\/www.tiktok.com\/music\/sonido-original-Click-7615687999661034260?refer=embed\">\u266c sonido original  &#8211; Click<\/a> <\/section> <\/blockquote> <script async src=\"https:\/\/www.tiktok.com\/embed.js\"><\/script>\n\n\n\n<p>Molina afirm\u00f3 que el debate es un mecanismo democr\u00e1tico y se\u00f1al\u00f3 que los candidatos deben asistir por respeto al electorado y a quienes participan en la contienda electoral.<\/p>\n\n\n\n<p>En ese sentido, cuestion\u00f3 que Reyes Villa a\u00fan no haya confirmado su presencia en el encuentro organizado por el Tribunal Electoral Departamental de Cochabamba para el pr\u00f3ximo domingo, donde los aspirantes a la Alcald\u00eda debatir\u00e1n sus propuestas.<\/p>\n\n\n\n<p>\u201cLa intenci\u00f3n es pedir a la ciudadan\u00eda que se fije bien qui\u00e9nes no debaten y qui\u00e9nes se sienten los reyes de Cochabamba\u201d, manifest\u00f3 Molina, quien pidi\u00f3 que el intercambio sea centrado en propuestas y no en alusiones personales.<\/p>\n\n\n\n<p>La candidata tambi\u00e9n sostuvo que el alcalde debe responder por su gesti\u00f3n y explicar a la poblaci\u00f3n por qu\u00e9, a su criterio, no se cumplieron varias promesas realizadas durante su administraci\u00f3n.<\/p>\n\n\n\n<blockquote class=\"tiktok-embed\" cite=\"https:\/\/www.tiktok.com\/@cochaconrocio\/video\/7616474329236180241\" data-video-id=\"7616474329236180241\" style=\"max-width: 605px;min-width: 325px;\" > <section> <a target=\"_blank\" title=\"@cochaconrocio\" href=\"https:\/\/www.tiktok.com\/@cochaconrocio?refer=embed\">@cochaconrocio<\/a> <p>\ud835\udc11\ud835\udc0e\ud835\udc02\ud835\udc08\u0301\ud835\udc0e \ud835\udc0c\ud835\udc0e\ud835\udc0b\ud835\udc08\ud835\udc0d\ud835\udc00 \ud835\udc02\ud835\udc00\ud835\udc0b\ud835\udc08\ud835\udc05\ud835\udc08\ud835\udc02\ud835\udc00 \ud835\udc03\ud835\udc04 \ud835\udc12\ud835\udc0e\ud835\udc01\ud835\udc04\ud835\udc11\ud835\udc01\ud835\udc08\ud835\udc0e \ud835\udc00 \ud835\udc0c\ud835\udc00\ud835\udc0d\ud835\udc05\ud835\udc11\ud835\udc04\ud835\udc03 \ud835\udc0f\ud835\udc0e\ud835\udc11 \ud835\udc0d\ud835\udc0e \ud835\udc00\ud835\udc12\ud835\udc08\ud835\udc12\ud835\udc13\ud835\udc08\ud835\udc11 \ud835\udc00 \ud835\udc03\ud835\udc04\ud835\udc01\ud835\udc00\ud835\udc13\ud835\udc04<\/p> <a target=\"_blank\" title=\"\u266c sonido original  - Cocha con Roc\u00edo\" href=\"https:\/\/www.tiktok.com\/music\/sonido-original-Cocha-con-Roc\u00edo-7616474794036398868?refer=embed\">\u266c sonido original  &#8211; Cocha con Roc\u00edo<\/a> <\/section> <\/blockquote> <script async src=\"https:\/\/www.tiktok.com\/embed.js\"><\/script>\n\n\n\n<p>\u201cManfred debe darle la cara a Cochabamba. Si no tiene cara para darle a Cochabamba, entonces \u00bfc\u00f3mo tiene cara para presentarse a las elecciones?\u201d, afirm\u00f3.<\/p>\n\n\n\n<p>Finalmente, Molina llam\u00f3 a defender la democracia con argumentos y propuestas, e inst\u00f3 al candidato a participar del debate \u201ccon valent\u00eda y habl\u00e1ndole de frente a la gente\u201d.<\/p>\n","protected":false},"excerpt":{"rendered":"<p>La candidata a la Alcald\u00eda de Cochabamba, Roc\u00edo Molina, critic\u00f3 al alcalde y postulante a la reelecci\u00f3n, Manfred Reyes Villa, luego de que \u00e9ste no confirmara su asistencia al debate&hellip;<\/p>\n","protected":false},"author":5,"featured_media":1910,"comment_status":"closed","ping_status":"open","sticky":false,"template":"","format":"standard","meta":{"_jetpack_memberships_contains_paid_content":false,"footnotes":""},"categories":[7],"tags":[141,18,840,854,845],"class_list":["post-1909","post","type-post","status-publish","format-standard","has-post-thumbnail","hentry","category-politica","tag-cochabamba","tag-elecciones","tag-manfred-reyes-villa","tag-politica","tag-rocio-molina"],"yoast_head":"<!-- This site is optimized with the Yoast SEO plugin v27.4 - https:\/\/yoast.com\/product\/yoast-seo-wordpress\/ -->\n<title>Cuestionan a Manfred por no confirmar asistencia al debate; Molina le exige \u201cdar la cara\u201d a Cochabamba -<\/title>\n<meta name=\"robots\" content=\"index, follow, max-snippet:-1, max-image-preview:large, max-video-preview:-1\" \/>\n<link rel=\"canonical\" href=\"https:\/\/clickbol.online\/?p=1909\" \/>\n<meta property=\"og:locale\" content=\"es_ES\" \/>\n<meta property=\"og:type\" content=\"article\" \/>\n<meta property=\"og:title\" content=\"Cuestionan a Manfred por no confirmar asistencia al debate; Molina le exige \u201cdar la cara\u201d a Cochabamba -\" \/>\n<meta property=\"og:description\" content=\"La candidata a la Alcald\u00eda de Cochabamba, Roc\u00edo Molina, critic\u00f3 al alcalde y postulante a la reelecci\u00f3n, Manfred Reyes Villa, luego de que \u00e9ste no confirmara su asistencia al debate&hellip;\" \/>\n<meta property=\"og:url\" content=\"https:\/\/clickbol.online\/?p=1909\" \/>\n<meta property=\"article:published_time\" content=\"2026-03-12T21:42:22+00:00\" \/>\n<meta property=\"article:modified_time\" content=\"2026-03-12T21:50:07+00:00\" \/>\n<meta property=\"og:image\" content=\"https:\/\/clickbol.online\/wp-content\/uploads\/2026\/03\/manfred-1.jpg\" \/>\n\t<meta property=\"og:image:width\" content=\"1209\" \/>\n\t<meta property=\"og:image:height\" content=\"757\" \/>\n\t<meta property=\"og:image:type\" content=\"image\/jpeg\" \/>\n<meta name=\"author\" content=\"Redacci\u00f3n Central\" \/>\n<meta name=\"twitter:card\" content=\"summary_large_image\" \/>\n<meta name=\"twitter:label1\" content=\"Escrito por\" \/>\n\t<meta name=\"twitter:data1\" content=\"Redacci\u00f3n Central\" \/>\n\t<meta name=\"twitter:label2\" content=\"Tiempo de lectura\" \/>\n\t<meta name=\"twitter:data2\" content=\"2 minutos\" \/>\n<script type=\"application\/ld+json\" class=\"yoast-schema-graph\">{\"@context\":\"https:\\\/\\\/schema.org\",\"@graph\":[{\"@type\":\"Article\",\"@id\":\"https:\\\/\\\/clickbol.online\\\/?p=1909#article\",\"isPartOf\":{\"@id\":\"https:\\\/\\\/clickbol.online\\\/?p=1909\"},\"author\":{\"name\":\"Redacci\u00f3n Central\",\"@id\":\"https:\\\/\\\/clickbol.online\\\/#\\\/schema\\\/person\\\/6a1d6a5ad656251cc2a8d120d2c57546\"},\"headline\":\"Cuestionan a Manfred por no confirmar asistencia al debate; Molina le exige \u201cdar la cara\u201d a Cochabamba\",\"datePublished\":\"2026-03-12T21:42:22+00:00\",\"dateModified\":\"2026-03-12T21:50:07+00:00\",\"mainEntityOfPage\":{\"@id\":\"https:\\\/\\\/clickbol.online\\\/?p=1909\"},\"wordCount\":327,\"publisher\":{\"@id\":\"https:\\\/\\\/clickbol.online\\\/#organization\"},\"image\":{\"@id\":\"https:\\\/\\\/clickbol.online\\\/?p=1909#primaryimage\"},\"thumbnailUrl\":\"https:\\\/\\\/clickbol.online\\\/wp-content\\\/uploads\\\/2026\\\/03\\\/manfred-1.jpg\",\"keywords\":[\"Cochabamba\",\"elecciones\",\"Manfred Reyes Villa\",\"POL\u00cdTICA\",\"ROCIO MOLINA\"],\"articleSection\":[\"POL\u00cdTICA\"],\"inLanguage\":\"es\"},{\"@type\":\"WebPage\",\"@id\":\"https:\\\/\\\/clickbol.online\\\/?p=1909\",\"url\":\"https:\\\/\\\/clickbol.online\\\/?p=1909\",\"name\":\"Cuestionan a Manfred por no confirmar asistencia al debate; Molina le exige \u201cdar la cara\u201d a Cochabamba -\",\"isPartOf\":{\"@id\":\"https:\\\/\\\/clickbol.online\\\/#website\"},\"primaryImageOfPage\":{\"@id\":\"https:\\\/\\\/clickbol.online\\\/?p=1909#primaryimage\"},\"image\":{\"@id\":\"https:\\\/\\\/clickbol.online\\\/?p=1909#primaryimage\"},\"thumbnailUrl\":\"https:\\\/\\\/clickbol.online\\\/wp-content\\\/uploads\\\/2026\\\/03\\\/manfred-1.jpg\",\"datePublished\":\"2026-03-12T21:42:22+00:00\",\"dateModified\":\"2026-03-12T21:50:07+00:00\",\"breadcrumb\":{\"@id\":\"https:\\\/\\\/clickbol.online\\\/?p=1909#breadcrumb\"},\"inLanguage\":\"es\",\"potentialAction\":[{\"@type\":\"ReadAction\",\"target\":[\"https:\\\/\\\/clickbol.online\\\/?p=1909\"]}]},{\"@type\":\"ImageObject\",\"inLanguage\":\"es\",\"@id\":\"https:\\\/\\\/clickbol.online\\\/?p=1909#primaryimage\",\"url\":\"https:\\\/\\\/clickbol.online\\\/wp-content\\\/uploads\\\/2026\\\/03\\\/manfred-1.jpg\",\"contentUrl\":\"https:\\\/\\\/clickbol.online\\\/wp-content\\\/uploads\\\/2026\\\/03\\\/manfred-1.jpg\",\"width\":1209,\"height\":757},{\"@type\":\"BreadcrumbList\",\"@id\":\"https:\\\/\\\/clickbol.online\\\/?p=1909#breadcrumb\",\"itemListElement\":[{\"@type\":\"ListItem\",\"position\":1,\"name\":\"Portada\",\"item\":\"https:\\\/\\\/clickbol.online\\\/\"},{\"@type\":\"ListItem\",\"position\":2,\"name\":\"Cuestionan a Manfred por no confirmar asistencia al debate; Molina le exige \u201cdar la cara\u201d a Cochabamba\"}]},{\"@type\":\"WebSite\",\"@id\":\"https:\\\/\\\/clickbol.online\\\/#website\",\"url\":\"https:\\\/\\\/clickbol.online\\\/\",\"name\":\"Click a tu Alcance\",\"description\":\"\",\"publisher\":{\"@id\":\"https:\\\/\\\/clickbol.online\\\/#organization\"},\"potentialAction\":[{\"@type\":\"SearchAction\",\"target\":{\"@type\":\"EntryPoint\",\"urlTemplate\":\"https:\\\/\\\/clickbol.online\\\/?s={search_term_string}\"},\"query-input\":{\"@type\":\"PropertyValueSpecification\",\"valueRequired\":true,\"valueName\":\"search_term_string\"}}],\"inLanguage\":\"es\"},{\"@type\":\"Organization\",\"@id\":\"https:\\\/\\\/clickbol.online\\\/#organization\",\"name\":\"Click a tu Alcance\",\"url\":\"https:\\\/\\\/clickbol.online\\\/\",\"logo\":{\"@type\":\"ImageObject\",\"inLanguage\":\"es\",\"@id\":\"https:\\\/\\\/clickbol.online\\\/#\\\/schema\\\/logo\\\/image\\\/\",\"url\":\"https:\\\/\\\/clickbol.online\\\/wp-content\\\/uploads\\\/2026\\\/01\\\/cropped-kokokoko.jpg.jpeg\",\"contentUrl\":\"https:\\\/\\\/clickbol.online\\\/wp-content\\\/uploads\\\/2026\\\/01\\\/cropped-kokokoko.jpg.jpeg\",\"width\":700,\"height\":300,\"caption\":\"Click a tu Alcance\"},\"image\":{\"@id\":\"https:\\\/\\\/clickbol.online\\\/#\\\/schema\\\/logo\\\/image\\\/\"}},{\"@type\":\"Person\",\"@id\":\"https:\\\/\\\/clickbol.online\\\/#\\\/schema\\\/person\\\/6a1d6a5ad656251cc2a8d120d2c57546\",\"name\":\"Redacci\u00f3n Central\",\"image\":{\"@type\":\"ImageObject\",\"inLanguage\":\"es\",\"@id\":\"https:\\\/\\\/secure.gravatar.com\\\/avatar\\\/ed9a609e47cf58b578bda1696c506f1382ef86f5ac2f8b56d98e082d3e5b3bb6?s=96&d=mm&r=g\",\"url\":\"https:\\\/\\\/secure.gravatar.com\\\/avatar\\\/ed9a609e47cf58b578bda1696c506f1382ef86f5ac2f8b56d98e082d3e5b3bb6?s=96&d=mm&r=g\",\"contentUrl\":\"https:\\\/\\\/secure.gravatar.com\\\/avatar\\\/ed9a609e47cf58b578bda1696c506f1382ef86f5ac2f8b56d98e082d3e5b3bb6?s=96&d=mm&r=g\",\"caption\":\"Redacci\u00f3n Central\"},\"sameAs\":[\"https:\\\/\\\/clickbol.online\\\/\"],\"url\":\"https:\\\/\\\/clickbol.online\\\/?author=5\"}]}<\/script>\n<!-- \/ Yoast SEO plugin. -->","yoast_head_json":{"title":"Cuestionan a Manfred por no confirmar asistencia al debate; Molina le exige \u201cdar la cara\u201d a Cochabamba -","robots":{"index":"index","follow":"follow","max-snippet":"max-snippet:-1","max-image-preview":"max-image-preview:large","max-video-preview":"max-video-preview:-1"},"canonical":"https:\/\/clickbol.online\/?p=1909","og_locale":"es_ES","og_type":"article","og_title":"Cuestionan a Manfred por no confirmar asistencia al debate; Molina le exige \u201cdar la cara\u201d a Cochabamba -","og_description":"La candidata a la Alcald\u00eda de Cochabamba, Roc\u00edo Molina, critic\u00f3 al alcalde y postulante a la reelecci\u00f3n, Manfred Reyes Villa, luego de que \u00e9ste no confirmara su asistencia al debate&hellip;","og_url":"https:\/\/clickbol.online\/?p=1909","article_published_time":"2026-03-12T21:42:22+00:00","article_modified_time":"2026-03-12T21:50:07+00:00","og_image":[{"width":1209,"height":757,"url":"https:\/\/clickbol.online\/wp-content\/uploads\/2026\/03\/manfred-1.jpg","type":"image\/jpeg"}],"author":"Redacci\u00f3n Central","twitter_card":"summary_large_image","twitter_misc":{"Escrito por":"Redacci\u00f3n Central","Tiempo de lectura":"2 minutos"},"schema":{"@context":"https:\/\/schema.org","@graph":[{"@type":"Article","@id":"https:\/\/clickbol.online\/?p=1909#article","isPartOf":{"@id":"https:\/\/clickbol.online\/?p=1909"},"author":{"name":"Redacci\u00f3n Central","@id":"https:\/\/clickbol.online\/#\/schema\/person\/6a1d6a5ad656251cc2a8d120d2c57546"},"headline":"Cuestionan a Manfred por no confirmar asistencia al debate; Molina le exige \u201cdar la cara\u201d a Cochabamba","datePublished":"2026-03-12T21:42:22+00:00","dateModified":"2026-03-12T21:50:07+00:00","mainEntityOfPage":{"@id":"https:\/\/clickbol.online\/?p=1909"},"wordCount":327,"publisher":{"@id":"https:\/\/clickbol.online\/#organization"},"image":{"@id":"https:\/\/clickbol.online\/?p=1909#primaryimage"},"thumbnailUrl":"https:\/\/clickbol.online\/wp-content\/uploads\/2026\/03\/manfred-1.jpg","keywords":["Cochabamba","elecciones","Manfred Reyes Villa","POL\u00cdTICA","ROCIO MOLINA"],"articleSection":["POL\u00cdTICA"],"inLanguage":"es"},{"@type":"WebPage","@id":"https:\/\/clickbol.online\/?p=1909","url":"https:\/\/clickbol.online\/?p=1909","name":"Cuestionan a Manfred por no confirmar asistencia al debate; Molina le exige \u201cdar la cara\u201d a Cochabamba -","isPartOf":{"@id":"https:\/\/clickbol.online\/#website"},"primaryImageOfPage":{"@id":"https:\/\/clickbol.online\/?p=1909#primaryimage"},"image":{"@id":"https:\/\/clickbol.online\/?p=1909#primaryimage"},"thumbnailUrl":"https:\/\/clickbol.online\/wp-content\/uploads\/2026\/03\/manfred-1.jpg","datePublished":"2026-03-12T21:42:22+00:00","dateModified":"2026-03-12T21:50:07+00:00","breadcrumb":{"@id":"https:\/\/clickbol.online\/?p=1909#breadcrumb"},"inLanguage":"es","potentialAction":[{"@type":"ReadAction","target":["https:\/\/clickbol.online\/?p=1909"]}]},{"@type":"ImageObject","inLanguage":"es","@id":"https:\/\/clickbol.online\/?p=1909#primaryimage","url":"https:\/\/clickbol.online\/wp-content\/uploads\/2026\/03\/manfred-1.jpg","contentUrl":"https:\/\/clickbol.online\/wp-content\/uploads\/2026\/03\/manfred-1.jpg","width":1209,"height":757},{"@type":"BreadcrumbList","@id":"https:\/\/clickbol.online\/?p=1909#breadcrumb","itemListElement":[{"@type":"ListItem","position":1,"name":"Portada","item":"https:\/\/clickbol.online\/"},{"@type":"ListItem","position":2,"name":"Cuestionan a Manfred por no confirmar asistencia al debate; Molina le exige \u201cdar la cara\u201d a Cochabamba"}]},{"@type":"WebSite","@id":"https:\/\/clickbol.online\/#website","url":"https:\/\/clickbol.online\/","name":"Click a tu Alcance","description":"","publisher":{"@id":"https:\/\/clickbol.online\/#organization"},"potentialAction":[{"@type":"SearchAction","target":{"@type":"EntryPoint","urlTemplate":"https:\/\/clickbol.online\/?s={search_term_string}"},"query-input":{"@type":"PropertyValueSpecification","valueRequired":true,"valueName":"search_term_string"}}],"inLanguage":"es"},{"@type":"Organization","@id":"https:\/\/clickbol.online\/#organization","name":"Click a tu Alcance","url":"https:\/\/clickbol.online\/","logo":{"@type":"ImageObject","inLanguage":"es","@id":"https:\/\/clickbol.online\/#\/schema\/logo\/image\/","url":"https:\/\/clickbol.online\/wp-content\/uploads\/2026\/01\/cropped-kokokoko.jpg.jpeg","contentUrl":"https:\/\/clickbol.online\/wp-content\/uploads\/2026\/01\/cropped-kokokoko.jpg.jpeg","width":700,"height":300,"caption":"Click a tu Alcance"},"image":{"@id":"https:\/\/clickbol.online\/#\/schema\/logo\/image\/"}},{"@type":"Person","@id":"https:\/\/clickbol.online\/#\/schema\/person\/6a1d6a5ad656251cc2a8d120d2c57546","name":"Redacci\u00f3n Central","image":{"@type":"ImageObject","inLanguage":"es","@id":"https:\/\/secure.gravatar.com\/avatar\/ed9a609e47cf58b578bda1696c506f1382ef86f5ac2f8b56d98e082d3e5b3bb6?s=96&d=mm&r=g","url":"https:\/\/secure.gravatar.com\/avatar\/ed9a609e47cf58b578bda1696c506f1382ef86f5ac2f8b56d98e082d3e5b3bb6?s=96&d=mm&r=g","contentUrl":"https:\/\/secure.gravatar.com\/avatar\/ed9a609e47cf58b578bda1696c506f1382ef86f5ac2f8b56d98e082d3e5b3bb6?s=96&d=mm&r=g","caption":"Redacci\u00f3n Central"},"sameAs":["https:\/\/clickbol.online\/"],"url":"https:\/\/clickbol.online\/?author=5"}]}},"jetpack_featured_media_url":"https:\/\/clickbol.online\/wp-content\/uploads\/2026\/03\/manfred-1.jpg","jetpack_sharing_enabled":true,"_links":{"self":[{"href":"https:\/\/clickbol.online\/index.php?rest_route=\/wp\/v2\/posts\/1909","targetHints":{"allow":["GET"]}}],"collection":[{"href":"https:\/\/clickbol.online\/index.php?rest_route=\/wp\/v2\/posts"}],"about":[{"href":"https:\/\/clickbol.online\/index.php?rest_route=\/wp\/v2\/types\/post"}],"author":[{"embeddable":true,"href":"https:\/\/clickbol.online\/index.php?rest_route=\/wp\/v2\/users\/5"}],"replies":[{"embeddable":true,"href":"https:\/\/clickbol.online\/index.php?rest_route=%2Fwp%2Fv2%2Fcomments&post=1909"}],"version-history":[{"count":2,"href":"https:\/\/clickbol.online\/index.php?rest_route=\/wp\/v2\/posts\/1909\/revisions"}],"predecessor-version":[{"id":1912,"href":"https:\/\/clickbol.online\/index.php?rest_route=\/wp\/v2\/posts\/1909\/revisions\/1912"}],"wp:featuredmedia":[{"embeddable":true,"href":"https:\/\/clickbol.online\/index.php?rest_route=\/wp\/v2\/media\/1910"}],"wp:attachment":[{"href":"https:\/\/clickbol.online\/index.php?rest_route=%2Fwp%2Fv2%2Fmedia&parent=1909"}],"wp:term":[{"taxonomy":"category","embeddable":true,"href":"https:\/\/clickbol.online\/index.php?rest_route=%2Fwp%2Fv2%2Fcategories&post=1909"},{"taxonomy":"post_tag","embeddable":true,"href":"https:\/\/clickbol.online\/index.php?rest_route=%2Fwp%2Fv2%2Ftags&post=1909"}],"curies":[{"name":"wp","href":"https:\/\/api.w.org\/{rel}","templated":true}]}}