{"id":1929,"date":"2026-03-13T23:06:06","date_gmt":"2026-03-14T03:06:06","guid":{"rendered":"https:\/\/clickbol.online\/?p=1929"},"modified":"2026-03-13T23:06:09","modified_gmt":"2026-03-14T03:06:09","slug":"gustavo-petro-afirma-que-sebastian-marset-planeo-asesinarlo-y-destaca-captura-realizada-en-bolivia","status":"publish","type":"post","link":"https:\/\/clickbol.online\/?p=1929","title":{"rendered":"Gustavo Petro afirma que Sebasti\u00e1n Marset plane\u00f3 asesinarlo y destaca captura realizada en Bolivia"},"content":{"rendered":"\n<p>Colombia, 13 de marzo de 2026 &#8211; El presidente de Colombia, Gustavo Petro, se pronunci\u00f3 este viernes sobre la captura del narcotraficante uruguayo Sebasti\u00e1n Marset en Bolivia y destac\u00f3 la acci\u00f3n de las autoridades bolivianas que lograron detener al considerado uno de los criminales m\u00e1s buscados de la regi\u00f3n.<\/p>\n\n\n\n<p>A trav\u00e9s de un mensaje publicado en redes sociales, el mandatario colombiano afirm\u00f3 que en su pa\u00eds no se logr\u00f3 capturar al narcotraficante pese a que \u00e9l mismo hab\u00eda ordenado su detenci\u00f3n. \u201cEn Colombia no lo capturaron, a pesar de mi orden, dije que era \u00e9l, Sebasti\u00e1n Marset, quien pagaba por asesinar al presidente de Colombia por su lucha contra los narcos, pero s\u00ed lo hicieron los bolivianos\u201d, expres\u00f3.<\/p>\n\n\n\n<p>Petro tambi\u00e9n asegur\u00f3 que el presunto narcotraficante ten\u00eda intenciones de asesinarlo durante su mandato. \u201cEste se\u00f1or me quer\u00eda asesinar en el ejercicio de mi cargo como presidente de la Rep\u00fablica\u201d, escribi\u00f3 en su cuenta de X al referirse a la reciente captura de Marset en la ciudad de Santa Cruz de la Sierra.<\/p>\n\n\n\n<p>Asimismo, el mandatario vincul\u00f3 al uruguayo con el asesinato del fiscal paraguayo Marcelo Pecci, ocurrido el 10 de mayo de 2022 en la isla de Bar\u00fa, cuando el fiscal se encontraba de luna de miel con su esposa embarazada. Petro afirm\u00f3 que Marset ten\u00eda relaciones con personas de alto nivel dentro de la Fiscal\u00eda que, seg\u00fan dijo, habr\u00edan permitido que su nombre fuera eliminado de los expedientes relacionados con ese crimen.<\/p>\n\n\n\n<p>El presidente tambi\u00e9n se\u00f1al\u00f3 que Marset ser\u00eda parte de una estructura internacional del narcotr\u00e1fico con presencia en Dub\u00e1i, donde \u2014seg\u00fan afirm\u00f3\u2014 operan varios narcotraficantes conocidos como \u201cinvisibles\u201d, que mantienen un bajo perfil para evitar la atenci\u00f3n de las autoridades. Adem\u00e1s, sostuvo que sus socios estar\u00edan vinculados con redes de tr\u00e1fico de coca\u00edna hacia Europa y Medio Oriente y con actividades relacionadas con minas de esmeraldas en territorio colombiano.<\/p>\n\n\n\n<p>Sebasti\u00e1n Marset se encontraba pr\u00f3fugo desde julio de 2023, cuando logr\u00f3 escapar de un operativo policial en Bolivia. El narcotraficante es requerido por autoridades de Bolivia, Uruguay y Brasil, adem\u00e1s de agencias internacionales como la Drug Enforcement Administration, Europol y Interpol.<\/p>\n","protected":false},"excerpt":{"rendered":"<p>Colombia, 13 de marzo de 2026 &#8211; El presidente de Colombia, Gustavo Petro, se pronunci\u00f3 este viernes sobre la captura del narcotraficante uruguayo Sebasti\u00e1n Marset en Bolivia y destac\u00f3 la&hellip;<\/p>\n","protected":false},"author":2,"featured_media":1930,"comment_status":"closed","ping_status":"open","sticky":false,"template":"","format":"standard","meta":{"_jetpack_memberships_contains_paid_content":false,"footnotes":""},"categories":[4],"tags":[212,1157,1155],"class_list":["post-1929","post","type-post","status-publish","format-standard","has-post-thumbnail","hentry","category-internacional","tag-captura","tag-gustavo-petro","tag-sebastian-marset"],"yoast_head":"<!-- This site is optimized with the Yoast SEO plugin v27.4 - https:\/\/yoast.com\/product\/yoast-seo-wordpress\/ -->\n<title>Gustavo Petro afirma que Sebasti\u00e1n Marset plane\u00f3 asesinarlo y destaca captura realizada en Bolivia -<\/title>\n<meta name=\"robots\" content=\"index, follow, max-snippet:-1, max-image-preview:large, max-video-preview:-1\" \/>\n<link rel=\"canonical\" href=\"https:\/\/clickbol.online\/?p=1929\" \/>\n<meta property=\"og:locale\" content=\"es_ES\" \/>\n<meta property=\"og:type\" content=\"article\" \/>\n<meta property=\"og:title\" content=\"Gustavo Petro afirma que Sebasti\u00e1n Marset plane\u00f3 asesinarlo y destaca captura realizada en Bolivia -\" \/>\n<meta property=\"og:description\" content=\"Colombia, 13 de marzo de 2026 &#8211; El presidente de Colombia, Gustavo Petro, se pronunci\u00f3 este viernes sobre la captura del narcotraficante uruguayo Sebasti\u00e1n Marset en Bolivia y destac\u00f3 la&hellip;\" \/>\n<meta property=\"og:url\" content=\"https:\/\/clickbol.online\/?p=1929\" \/>\n<meta property=\"article:published_time\" content=\"2026-03-14T03:06:06+00:00\" \/>\n<meta property=\"article:modified_time\" content=\"2026-03-14T03:06:09+00:00\" \/>\n<meta property=\"og:image\" content=\"https:\/\/clickbol.online\/wp-content\/uploads\/2026\/03\/afp-20260308-a2er3hr-v1-highres_101-14754145_20260314014535.webp\" \/>\n\t<meta property=\"og:image:width\" content=\"420\" \/>\n\t<meta property=\"og:image:height\" content=\"280\" \/>\n\t<meta property=\"og:image:type\" content=\"image\/webp\" \/>\n<meta name=\"author\" content=\"Redacci\u00f3n General\" \/>\n<meta name=\"twitter:card\" content=\"summary_large_image\" \/>\n<meta name=\"twitter:label1\" content=\"Escrito por\" \/>\n\t<meta name=\"twitter:data1\" content=\"Redacci\u00f3n General\" \/>\n\t<meta name=\"twitter:label2\" content=\"Tiempo de lectura\" \/>\n\t<meta name=\"twitter:data2\" content=\"2 minutos\" \/>\n<script type=\"application\/ld+json\" class=\"yoast-schema-graph\">{\"@context\":\"https:\\\/\\\/schema.org\",\"@graph\":[{\"@type\":\"Article\",\"@id\":\"https:\\\/\\\/clickbol.online\\\/?p=1929#article\",\"isPartOf\":{\"@id\":\"https:\\\/\\\/clickbol.online\\\/?p=1929\"},\"author\":{\"name\":\"Redacci\u00f3n General\",\"@id\":\"https:\\\/\\\/clickbol.online\\\/#\\\/schema\\\/person\\\/89b08016d7a6b73658e1c71db1f8abb9\"},\"headline\":\"Gustavo Petro afirma que Sebasti\u00e1n Marset plane\u00f3 asesinarlo y destaca captura realizada en Bolivia\",\"datePublished\":\"2026-03-14T03:06:06+00:00\",\"dateModified\":\"2026-03-14T03:06:09+00:00\",\"mainEntityOfPage\":{\"@id\":\"https:\\\/\\\/clickbol.online\\\/?p=1929\"},\"wordCount\":393,\"publisher\":{\"@id\":\"https:\\\/\\\/clickbol.online\\\/#organization\"},\"image\":{\"@id\":\"https:\\\/\\\/clickbol.online\\\/?p=1929#primaryimage\"},\"thumbnailUrl\":\"https:\\\/\\\/clickbol.online\\\/wp-content\\\/uploads\\\/2026\\\/03\\\/afp-20260308-a2er3hr-v1-highres_101-14754145_20260314014535.webp\",\"keywords\":[\"captura\",\"Gustavo Petro\",\"Sebastian Marset\"],\"articleSection\":[\"INTERNACIONAL\"],\"inLanguage\":\"es\"},{\"@type\":\"WebPage\",\"@id\":\"https:\\\/\\\/clickbol.online\\\/?p=1929\",\"url\":\"https:\\\/\\\/clickbol.online\\\/?p=1929\",\"name\":\"Gustavo Petro afirma que Sebasti\u00e1n Marset plane\u00f3 asesinarlo y destaca captura realizada en Bolivia -\",\"isPartOf\":{\"@id\":\"https:\\\/\\\/clickbol.online\\\/#website\"},\"primaryImageOfPage\":{\"@id\":\"https:\\\/\\\/clickbol.online\\\/?p=1929#primaryimage\"},\"image\":{\"@id\":\"https:\\\/\\\/clickbol.online\\\/?p=1929#primaryimage\"},\"thumbnailUrl\":\"https:\\\/\\\/clickbol.online\\\/wp-content\\\/uploads\\\/2026\\\/03\\\/afp-20260308-a2er3hr-v1-highres_101-14754145_20260314014535.webp\",\"datePublished\":\"2026-03-14T03:06:06+00:00\",\"dateModified\":\"2026-03-14T03:06:09+00:00\",\"breadcrumb\":{\"@id\":\"https:\\\/\\\/clickbol.online\\\/?p=1929#breadcrumb\"},\"inLanguage\":\"es\",\"potentialAction\":[{\"@type\":\"ReadAction\",\"target\":[\"https:\\\/\\\/clickbol.online\\\/?p=1929\"]}]},{\"@type\":\"ImageObject\",\"inLanguage\":\"es\",\"@id\":\"https:\\\/\\\/clickbol.online\\\/?p=1929#primaryimage\",\"url\":\"https:\\\/\\\/clickbol.online\\\/wp-content\\\/uploads\\\/2026\\\/03\\\/afp-20260308-a2er3hr-v1-highres_101-14754145_20260314014535.webp\",\"contentUrl\":\"https:\\\/\\\/clickbol.online\\\/wp-content\\\/uploads\\\/2026\\\/03\\\/afp-20260308-a2er3hr-v1-highres_101-14754145_20260314014535.webp\",\"width\":420,\"height\":280},{\"@type\":\"BreadcrumbList\",\"@id\":\"https:\\\/\\\/clickbol.online\\\/?p=1929#breadcrumb\",\"itemListElement\":[{\"@type\":\"ListItem\",\"position\":1,\"name\":\"Portada\",\"item\":\"https:\\\/\\\/clickbol.online\\\/\"},{\"@type\":\"ListItem\",\"position\":2,\"name\":\"Gustavo Petro afirma que Sebasti\u00e1n Marset plane\u00f3 asesinarlo y destaca captura realizada en Bolivia\"}]},{\"@type\":\"WebSite\",\"@id\":\"https:\\\/\\\/clickbol.online\\\/#website\",\"url\":\"https:\\\/\\\/clickbol.online\\\/\",\"name\":\"Click a tu Alcance\",\"description\":\"\",\"publisher\":{\"@id\":\"https:\\\/\\\/clickbol.online\\\/#organization\"},\"potentialAction\":[{\"@type\":\"SearchAction\",\"target\":{\"@type\":\"EntryPoint\",\"urlTemplate\":\"https:\\\/\\\/clickbol.online\\\/?s={search_term_string}\"},\"query-input\":{\"@type\":\"PropertyValueSpecification\",\"valueRequired\":true,\"valueName\":\"search_term_string\"}}],\"inLanguage\":\"es\"},{\"@type\":\"Organization\",\"@id\":\"https:\\\/\\\/clickbol.online\\\/#organization\",\"name\":\"Click a tu Alcance\",\"url\":\"https:\\\/\\\/clickbol.online\\\/\",\"logo\":{\"@type\":\"ImageObject\",\"inLanguage\":\"es\",\"@id\":\"https:\\\/\\\/clickbol.online\\\/#\\\/schema\\\/logo\\\/image\\\/\",\"url\":\"https:\\\/\\\/clickbol.online\\\/wp-content\\\/uploads\\\/2026\\\/01\\\/cropped-kokokoko.jpg.jpeg\",\"contentUrl\":\"https:\\\/\\\/clickbol.online\\\/wp-content\\\/uploads\\\/2026\\\/01\\\/cropped-kokokoko.jpg.jpeg\",\"width\":700,\"height\":300,\"caption\":\"Click a tu Alcance\"},\"image\":{\"@id\":\"https:\\\/\\\/clickbol.online\\\/#\\\/schema\\\/logo\\\/image\\\/\"}},{\"@type\":\"Person\",\"@id\":\"https:\\\/\\\/clickbol.online\\\/#\\\/schema\\\/person\\\/89b08016d7a6b73658e1c71db1f8abb9\",\"name\":\"Redacci\u00f3n General\",\"image\":{\"@type\":\"ImageObject\",\"inLanguage\":\"es\",\"@id\":\"https:\\\/\\\/secure.gravatar.com\\\/avatar\\\/5e240a60c42d158120043d8fffcb218b83c25e5faea29857f32339d0071ca51c?s=96&d=mm&r=g\",\"url\":\"https:\\\/\\\/secure.gravatar.com\\\/avatar\\\/5e240a60c42d158120043d8fffcb218b83c25e5faea29857f32339d0071ca51c?s=96&d=mm&r=g\",\"contentUrl\":\"https:\\\/\\\/secure.gravatar.com\\\/avatar\\\/5e240a60c42d158120043d8fffcb218b83c25e5faea29857f32339d0071ca51c?s=96&d=mm&r=g\",\"caption\":\"Redacci\u00f3n General\"},\"sameAs\":[\"https:\\\/\\\/clickbol.online\\\/\"],\"url\":\"https:\\\/\\\/clickbol.online\\\/?author=2\"}]}<\/script>\n<!-- \/ Yoast SEO plugin. -->","yoast_head_json":{"title":"Gustavo Petro afirma que Sebasti\u00e1n Marset plane\u00f3 asesinarlo y destaca captura realizada en Bolivia -","robots":{"index":"index","follow":"follow","max-snippet":"max-snippet:-1","max-image-preview":"max-image-preview:large","max-video-preview":"max-video-preview:-1"},"canonical":"https:\/\/clickbol.online\/?p=1929","og_locale":"es_ES","og_type":"article","og_title":"Gustavo Petro afirma que Sebasti\u00e1n Marset plane\u00f3 asesinarlo y destaca captura realizada en Bolivia -","og_description":"Colombia, 13 de marzo de 2026 &#8211; El presidente de Colombia, Gustavo Petro, se pronunci\u00f3 este viernes sobre la captura del narcotraficante uruguayo Sebasti\u00e1n Marset en Bolivia y destac\u00f3 la&hellip;","og_url":"https:\/\/clickbol.online\/?p=1929","article_published_time":"2026-03-14T03:06:06+00:00","article_modified_time":"2026-03-14T03:06:09+00:00","og_image":[{"width":420,"height":280,"url":"https:\/\/clickbol.online\/wp-content\/uploads\/2026\/03\/afp-20260308-a2er3hr-v1-highres_101-14754145_20260314014535.webp","type":"image\/webp"}],"author":"Redacci\u00f3n General","twitter_card":"summary_large_image","twitter_misc":{"Escrito por":"Redacci\u00f3n General","Tiempo de lectura":"2 minutos"},"schema":{"@context":"https:\/\/schema.org","@graph":[{"@type":"Article","@id":"https:\/\/clickbol.online\/?p=1929#article","isPartOf":{"@id":"https:\/\/clickbol.online\/?p=1929"},"author":{"name":"Redacci\u00f3n General","@id":"https:\/\/clickbol.online\/#\/schema\/person\/89b08016d7a6b73658e1c71db1f8abb9"},"headline":"Gustavo Petro afirma que Sebasti\u00e1n Marset plane\u00f3 asesinarlo y destaca captura realizada en Bolivia","datePublished":"2026-03-14T03:06:06+00:00","dateModified":"2026-03-14T03:06:09+00:00","mainEntityOfPage":{"@id":"https:\/\/clickbol.online\/?p=1929"},"wordCount":393,"publisher":{"@id":"https:\/\/clickbol.online\/#organization"},"image":{"@id":"https:\/\/clickbol.online\/?p=1929#primaryimage"},"thumbnailUrl":"https:\/\/clickbol.online\/wp-content\/uploads\/2026\/03\/afp-20260308-a2er3hr-v1-highres_101-14754145_20260314014535.webp","keywords":["captura","Gustavo Petro","Sebastian Marset"],"articleSection":["INTERNACIONAL"],"inLanguage":"es"},{"@type":"WebPage","@id":"https:\/\/clickbol.online\/?p=1929","url":"https:\/\/clickbol.online\/?p=1929","name":"Gustavo Petro afirma que Sebasti\u00e1n Marset plane\u00f3 asesinarlo y destaca captura realizada en Bolivia -","isPartOf":{"@id":"https:\/\/clickbol.online\/#website"},"primaryImageOfPage":{"@id":"https:\/\/clickbol.online\/?p=1929#primaryimage"},"image":{"@id":"https:\/\/clickbol.online\/?p=1929#primaryimage"},"thumbnailUrl":"https:\/\/clickbol.online\/wp-content\/uploads\/2026\/03\/afp-20260308-a2er3hr-v1-highres_101-14754145_20260314014535.webp","datePublished":"2026-03-14T03:06:06+00:00","dateModified":"2026-03-14T03:06:09+00:00","breadcrumb":{"@id":"https:\/\/clickbol.online\/?p=1929#breadcrumb"},"inLanguage":"es","potentialAction":[{"@type":"ReadAction","target":["https:\/\/clickbol.online\/?p=1929"]}]},{"@type":"ImageObject","inLanguage":"es","@id":"https:\/\/clickbol.online\/?p=1929#primaryimage","url":"https:\/\/clickbol.online\/wp-content\/uploads\/2026\/03\/afp-20260308-a2er3hr-v1-highres_101-14754145_20260314014535.webp","contentUrl":"https:\/\/clickbol.online\/wp-content\/uploads\/2026\/03\/afp-20260308-a2er3hr-v1-highres_101-14754145_20260314014535.webp","width":420,"height":280},{"@type":"BreadcrumbList","@id":"https:\/\/clickbol.online\/?p=1929#breadcrumb","itemListElement":[{"@type":"ListItem","position":1,"name":"Portada","item":"https:\/\/clickbol.online\/"},{"@type":"ListItem","position":2,"name":"Gustavo Petro afirma que Sebasti\u00e1n Marset plane\u00f3 asesinarlo y destaca captura realizada en Bolivia"}]},{"@type":"WebSite","@id":"https:\/\/clickbol.online\/#website","url":"https:\/\/clickbol.online\/","name":"Click a tu Alcance","description":"","publisher":{"@id":"https:\/\/clickbol.online\/#organization"},"potentialAction":[{"@type":"SearchAction","target":{"@type":"EntryPoint","urlTemplate":"https:\/\/clickbol.online\/?s={search_term_string}"},"query-input":{"@type":"PropertyValueSpecification","valueRequired":true,"valueName":"search_term_string"}}],"inLanguage":"es"},{"@type":"Organization","@id":"https:\/\/clickbol.online\/#organization","name":"Click a tu Alcance","url":"https:\/\/clickbol.online\/","logo":{"@type":"ImageObject","inLanguage":"es","@id":"https:\/\/clickbol.online\/#\/schema\/logo\/image\/","url":"https:\/\/clickbol.online\/wp-content\/uploads\/2026\/01\/cropped-kokokoko.jpg.jpeg","contentUrl":"https:\/\/clickbol.online\/wp-content\/uploads\/2026\/01\/cropped-kokokoko.jpg.jpeg","width":700,"height":300,"caption":"Click a tu Alcance"},"image":{"@id":"https:\/\/clickbol.online\/#\/schema\/logo\/image\/"}},{"@type":"Person","@id":"https:\/\/clickbol.online\/#\/schema\/person\/89b08016d7a6b73658e1c71db1f8abb9","name":"Redacci\u00f3n General","image":{"@type":"ImageObject","inLanguage":"es","@id":"https:\/\/secure.gravatar.com\/avatar\/5e240a60c42d158120043d8fffcb218b83c25e5faea29857f32339d0071ca51c?s=96&d=mm&r=g","url":"https:\/\/secure.gravatar.com\/avatar\/5e240a60c42d158120043d8fffcb218b83c25e5faea29857f32339d0071ca51c?s=96&d=mm&r=g","contentUrl":"https:\/\/secure.gravatar.com\/avatar\/5e240a60c42d158120043d8fffcb218b83c25e5faea29857f32339d0071ca51c?s=96&d=mm&r=g","caption":"Redacci\u00f3n General"},"sameAs":["https:\/\/clickbol.online\/"],"url":"https:\/\/clickbol.online\/?author=2"}]}},"jetpack_featured_media_url":"https:\/\/clickbol.online\/wp-content\/uploads\/2026\/03\/afp-20260308-a2er3hr-v1-highres_101-14754145_20260314014535.webp","jetpack_sharing_enabled":true,"_links":{"self":[{"href":"https:\/\/clickbol.online\/index.php?rest_route=\/wp\/v2\/posts\/1929","targetHints":{"allow":["GET"]}}],"collection":[{"href":"https:\/\/clickbol.online\/index.php?rest_route=\/wp\/v2\/posts"}],"about":[{"href":"https:\/\/clickbol.online\/index.php?rest_route=\/wp\/v2\/types\/post"}],"author":[{"embeddable":true,"href":"https:\/\/clickbol.online\/index.php?rest_route=\/wp\/v2\/users\/2"}],"replies":[{"embeddable":true,"href":"https:\/\/clickbol.online\/index.php?rest_route=%2Fwp%2Fv2%2Fcomments&post=1929"}],"version-history":[{"count":1,"href":"https:\/\/clickbol.online\/index.php?rest_route=\/wp\/v2\/posts\/1929\/revisions"}],"predecessor-version":[{"id":1931,"href":"https:\/\/clickbol.online\/index.php?rest_route=\/wp\/v2\/posts\/1929\/revisions\/1931"}],"wp:featuredmedia":[{"embeddable":true,"href":"https:\/\/clickbol.online\/index.php?rest_route=\/wp\/v2\/media\/1930"}],"wp:attachment":[{"href":"https:\/\/clickbol.online\/index.php?rest_route=%2Fwp%2Fv2%2Fmedia&parent=1929"}],"wp:term":[{"taxonomy":"category","embeddable":true,"href":"https:\/\/clickbol.online\/index.php?rest_route=%2Fwp%2Fv2%2Fcategories&post=1929"},{"taxonomy":"post_tag","embeddable":true,"href":"https:\/\/clickbol.online\/index.php?rest_route=%2Fwp%2Fv2%2Ftags&post=1929"}],"curies":[{"name":"wp","href":"https:\/\/api.w.org\/{rel}","templated":true}]}}