{"id":1932,"date":"2026-03-14T07:36:19","date_gmt":"2026-03-14T11:36:19","guid":{"rendered":"https:\/\/clickbol.online\/?p=1932"},"modified":"2026-03-14T07:36:21","modified_gmt":"2026-03-14T11:36:21","slug":"santa-cruz-elige-nueva-directiva-en-su-asamblea-legislativa-departamental","status":"publish","type":"post","link":"https:\/\/clickbol.online\/?p=1932","title":{"rendered":"Santa Cruz elige nueva directiva en su Asamblea Legislativa Departamental"},"content":{"rendered":"\n<p>Santa Cruz, 14 de marzo de 2026 &#8211; La Asamblea Legislativa Departamental de Santa Cruz (ALD) eligi\u00f3 este viernes a las nuevas autoridades que ocupar\u00e1n los cargos vacantes dentro de su directiva para la presente gesti\u00f3n. Con 18 votos, el asamble\u00edsta Oscar Nelson Feeney, representante de la bancada de Creemos, fue designado como presidente del ente legislativo departamental.<\/p>\n\n\n\n<p>Durante la sesi\u00f3n, los legisladores tambi\u00e9n eligieron a Martha Guti\u00e9rrez como secretaria general y a Ronny Justiniano como primer vocal, completando as\u00ed parte de la estructura de conducci\u00f3n de la Asamblea.<\/p>\n\n\n\n<p>La elecci\u00f3n se realiz\u00f3 para cubrir las vacantes generadas tras la destituci\u00f3n de los asamble\u00edstas Antonio Talam\u00e1s y Keila Garc\u00eda, ambos de la bancada de Creemos. Asimismo, se ocup\u00f3 el cargo de vocal que permanec\u00eda vac\u00edo luego de que la persona inicialmente designada decidiera rechazar la funci\u00f3n.Con estas designaciones, la directiva de la ALD de Santa Cruz queda conformada de la siguiente manera:<\/p>\n\n\n\n<p>Presidente: Oscar Nelson Feeney<\/p>\n\n\n\n<p>Primer vicepresidente: Mavy Pedraza<\/p>\n\n\n\n<p>Segunda vicepresidenta: Marianela Baldelomar<\/p>\n\n\n\n<p>Secretaria general: Martha Guti\u00e9rrez<\/p>\n\n\n\n<p>La elecci\u00f3n de estas autoridades busca garantizar la continuidad del trabajo legislativo departamental, luego de los cambios internos registrados en la Asamblea. Las nuevas autoridades tendr\u00e1n la responsabilidad de conducir la agenda legislativa y fiscalizadora del \u00f3rgano durante la presente gesti\u00f3n.<\/p>\n","protected":false},"excerpt":{"rendered":"<p>Santa Cruz, 14 de marzo de 2026 &#8211; La Asamblea Legislativa Departamental de Santa Cruz (ALD) eligi\u00f3 este viernes a las nuevas autoridades que ocupar\u00e1n los cargos vacantes dentro de&hellip;<\/p>\n","protected":false},"author":2,"featured_media":1933,"comment_status":"closed","ping_status":"open","sticky":false,"template":"","format":"standard","meta":{"_jetpack_memberships_contains_paid_content":false,"footnotes":""},"categories":[7],"tags":[1158,561,167],"class_list":["post-1932","post","type-post","status-publish","format-standard","has-post-thumbnail","hentry","category-politica","tag-asamblea-legislativa","tag-nueva-directiva","tag-santa-cruz"],"yoast_head":"<!-- This site is optimized with the Yoast SEO plugin v27.4 - https:\/\/yoast.com\/product\/yoast-seo-wordpress\/ -->\n<title>Santa Cruz elige nueva directiva en su Asamblea Legislativa Departamental -<\/title>\n<meta name=\"robots\" content=\"index, follow, max-snippet:-1, max-image-preview:large, max-video-preview:-1\" \/>\n<link rel=\"canonical\" href=\"https:\/\/clickbol.online\/?p=1932\" \/>\n<meta property=\"og:locale\" content=\"es_ES\" \/>\n<meta property=\"og:type\" content=\"article\" \/>\n<meta property=\"og:title\" content=\"Santa Cruz elige nueva directiva en su Asamblea Legislativa Departamental -\" \/>\n<meta property=\"og:description\" content=\"Santa Cruz, 14 de marzo de 2026 &#8211; La Asamblea Legislativa Departamental de Santa Cruz (ALD) eligi\u00f3 este viernes a las nuevas autoridades que ocupar\u00e1n los cargos vacantes dentro de&hellip;\" \/>\n<meta property=\"og:url\" content=\"https:\/\/clickbol.online\/?p=1932\" \/>\n<meta property=\"article:published_time\" content=\"2026-03-14T11:36:19+00:00\" \/>\n<meta property=\"article:modified_time\" content=\"2026-03-14T11:36:21+00:00\" \/>\n<meta property=\"og:image\" content=\"https:\/\/clickbol.online\/wp-content\/uploads\/2026\/03\/whatsapp-image-2026-03-13-at-6-57_101-14753608_20260314015630.webp\" \/>\n\t<meta property=\"og:image:width\" content=\"420\" \/>\n\t<meta property=\"og:image:height\" content=\"280\" \/>\n\t<meta property=\"og:image:type\" content=\"image\/webp\" \/>\n<meta name=\"author\" content=\"Redacci\u00f3n General\" \/>\n<meta name=\"twitter:card\" content=\"summary_large_image\" \/>\n<meta name=\"twitter:label1\" content=\"Escrito por\" \/>\n\t<meta name=\"twitter:data1\" content=\"Redacci\u00f3n General\" \/>\n\t<meta name=\"twitter:label2\" content=\"Tiempo de lectura\" \/>\n\t<meta name=\"twitter:data2\" content=\"2 minutos\" \/>\n<script type=\"application\/ld+json\" class=\"yoast-schema-graph\">{\"@context\":\"https:\\\/\\\/schema.org\",\"@graph\":[{\"@type\":\"Article\",\"@id\":\"https:\\\/\\\/clickbol.online\\\/?p=1932#article\",\"isPartOf\":{\"@id\":\"https:\\\/\\\/clickbol.online\\\/?p=1932\"},\"author\":{\"name\":\"Redacci\u00f3n General\",\"@id\":\"https:\\\/\\\/clickbol.online\\\/#\\\/schema\\\/person\\\/89b08016d7a6b73658e1c71db1f8abb9\"},\"headline\":\"Santa Cruz elige nueva directiva en su Asamblea Legislativa Departamental\",\"datePublished\":\"2026-03-14T11:36:19+00:00\",\"dateModified\":\"2026-03-14T11:36:21+00:00\",\"mainEntityOfPage\":{\"@id\":\"https:\\\/\\\/clickbol.online\\\/?p=1932\"},\"wordCount\":236,\"publisher\":{\"@id\":\"https:\\\/\\\/clickbol.online\\\/#organization\"},\"image\":{\"@id\":\"https:\\\/\\\/clickbol.online\\\/?p=1932#primaryimage\"},\"thumbnailUrl\":\"https:\\\/\\\/clickbol.online\\\/wp-content\\\/uploads\\\/2026\\\/03\\\/whatsapp-image-2026-03-13-at-6-57_101-14753608_20260314015630.webp\",\"keywords\":[\"Asamblea legislativa\",\"nueva directiva\",\"Santa Cruz\"],\"articleSection\":[\"POL\u00cdTICA\"],\"inLanguage\":\"es\"},{\"@type\":\"WebPage\",\"@id\":\"https:\\\/\\\/clickbol.online\\\/?p=1932\",\"url\":\"https:\\\/\\\/clickbol.online\\\/?p=1932\",\"name\":\"Santa Cruz elige nueva directiva en su Asamblea Legislativa Departamental -\",\"isPartOf\":{\"@id\":\"https:\\\/\\\/clickbol.online\\\/#website\"},\"primaryImageOfPage\":{\"@id\":\"https:\\\/\\\/clickbol.online\\\/?p=1932#primaryimage\"},\"image\":{\"@id\":\"https:\\\/\\\/clickbol.online\\\/?p=1932#primaryimage\"},\"thumbnailUrl\":\"https:\\\/\\\/clickbol.online\\\/wp-content\\\/uploads\\\/2026\\\/03\\\/whatsapp-image-2026-03-13-at-6-57_101-14753608_20260314015630.webp\",\"datePublished\":\"2026-03-14T11:36:19+00:00\",\"dateModified\":\"2026-03-14T11:36:21+00:00\",\"breadcrumb\":{\"@id\":\"https:\\\/\\\/clickbol.online\\\/?p=1932#breadcrumb\"},\"inLanguage\":\"es\",\"potentialAction\":[{\"@type\":\"ReadAction\",\"target\":[\"https:\\\/\\\/clickbol.online\\\/?p=1932\"]}]},{\"@type\":\"ImageObject\",\"inLanguage\":\"es\",\"@id\":\"https:\\\/\\\/clickbol.online\\\/?p=1932#primaryimage\",\"url\":\"https:\\\/\\\/clickbol.online\\\/wp-content\\\/uploads\\\/2026\\\/03\\\/whatsapp-image-2026-03-13-at-6-57_101-14753608_20260314015630.webp\",\"contentUrl\":\"https:\\\/\\\/clickbol.online\\\/wp-content\\\/uploads\\\/2026\\\/03\\\/whatsapp-image-2026-03-13-at-6-57_101-14753608_20260314015630.webp\",\"width\":420,\"height\":280},{\"@type\":\"BreadcrumbList\",\"@id\":\"https:\\\/\\\/clickbol.online\\\/?p=1932#breadcrumb\",\"itemListElement\":[{\"@type\":\"ListItem\",\"position\":1,\"name\":\"Portada\",\"item\":\"https:\\\/\\\/clickbol.online\\\/\"},{\"@type\":\"ListItem\",\"position\":2,\"name\":\"Santa Cruz elige nueva directiva en su Asamblea Legislativa Departamental\"}]},{\"@type\":\"WebSite\",\"@id\":\"https:\\\/\\\/clickbol.online\\\/#website\",\"url\":\"https:\\\/\\\/clickbol.online\\\/\",\"name\":\"Click a tu Alcance\",\"description\":\"\",\"publisher\":{\"@id\":\"https:\\\/\\\/clickbol.online\\\/#organization\"},\"potentialAction\":[{\"@type\":\"SearchAction\",\"target\":{\"@type\":\"EntryPoint\",\"urlTemplate\":\"https:\\\/\\\/clickbol.online\\\/?s={search_term_string}\"},\"query-input\":{\"@type\":\"PropertyValueSpecification\",\"valueRequired\":true,\"valueName\":\"search_term_string\"}}],\"inLanguage\":\"es\"},{\"@type\":\"Organization\",\"@id\":\"https:\\\/\\\/clickbol.online\\\/#organization\",\"name\":\"Click a tu Alcance\",\"url\":\"https:\\\/\\\/clickbol.online\\\/\",\"logo\":{\"@type\":\"ImageObject\",\"inLanguage\":\"es\",\"@id\":\"https:\\\/\\\/clickbol.online\\\/#\\\/schema\\\/logo\\\/image\\\/\",\"url\":\"https:\\\/\\\/clickbol.online\\\/wp-content\\\/uploads\\\/2026\\\/01\\\/cropped-kokokoko.jpg.jpeg\",\"contentUrl\":\"https:\\\/\\\/clickbol.online\\\/wp-content\\\/uploads\\\/2026\\\/01\\\/cropped-kokokoko.jpg.jpeg\",\"width\":700,\"height\":300,\"caption\":\"Click a tu Alcance\"},\"image\":{\"@id\":\"https:\\\/\\\/clickbol.online\\\/#\\\/schema\\\/logo\\\/image\\\/\"}},{\"@type\":\"Person\",\"@id\":\"https:\\\/\\\/clickbol.online\\\/#\\\/schema\\\/person\\\/89b08016d7a6b73658e1c71db1f8abb9\",\"name\":\"Redacci\u00f3n General\",\"image\":{\"@type\":\"ImageObject\",\"inLanguage\":\"es\",\"@id\":\"https:\\\/\\\/secure.gravatar.com\\\/avatar\\\/5e240a60c42d158120043d8fffcb218b83c25e5faea29857f32339d0071ca51c?s=96&d=mm&r=g\",\"url\":\"https:\\\/\\\/secure.gravatar.com\\\/avatar\\\/5e240a60c42d158120043d8fffcb218b83c25e5faea29857f32339d0071ca51c?s=96&d=mm&r=g\",\"contentUrl\":\"https:\\\/\\\/secure.gravatar.com\\\/avatar\\\/5e240a60c42d158120043d8fffcb218b83c25e5faea29857f32339d0071ca51c?s=96&d=mm&r=g\",\"caption\":\"Redacci\u00f3n General\"},\"sameAs\":[\"https:\\\/\\\/clickbol.online\\\/\"],\"url\":\"https:\\\/\\\/clickbol.online\\\/?author=2\"}]}<\/script>\n<!-- \/ Yoast SEO plugin. -->","yoast_head_json":{"title":"Santa Cruz elige nueva directiva en su Asamblea Legislativa Departamental -","robots":{"index":"index","follow":"follow","max-snippet":"max-snippet:-1","max-image-preview":"max-image-preview:large","max-video-preview":"max-video-preview:-1"},"canonical":"https:\/\/clickbol.online\/?p=1932","og_locale":"es_ES","og_type":"article","og_title":"Santa Cruz elige nueva directiva en su Asamblea Legislativa Departamental -","og_description":"Santa Cruz, 14 de marzo de 2026 &#8211; La Asamblea Legislativa Departamental de Santa Cruz (ALD) eligi\u00f3 este viernes a las nuevas autoridades que ocupar\u00e1n los cargos vacantes dentro de&hellip;","og_url":"https:\/\/clickbol.online\/?p=1932","article_published_time":"2026-03-14T11:36:19+00:00","article_modified_time":"2026-03-14T11:36:21+00:00","og_image":[{"width":420,"height":280,"url":"https:\/\/clickbol.online\/wp-content\/uploads\/2026\/03\/whatsapp-image-2026-03-13-at-6-57_101-14753608_20260314015630.webp","type":"image\/webp"}],"author":"Redacci\u00f3n General","twitter_card":"summary_large_image","twitter_misc":{"Escrito por":"Redacci\u00f3n General","Tiempo de lectura":"2 minutos"},"schema":{"@context":"https:\/\/schema.org","@graph":[{"@type":"Article","@id":"https:\/\/clickbol.online\/?p=1932#article","isPartOf":{"@id":"https:\/\/clickbol.online\/?p=1932"},"author":{"name":"Redacci\u00f3n General","@id":"https:\/\/clickbol.online\/#\/schema\/person\/89b08016d7a6b73658e1c71db1f8abb9"},"headline":"Santa Cruz elige nueva directiva en su Asamblea Legislativa Departamental","datePublished":"2026-03-14T11:36:19+00:00","dateModified":"2026-03-14T11:36:21+00:00","mainEntityOfPage":{"@id":"https:\/\/clickbol.online\/?p=1932"},"wordCount":236,"publisher":{"@id":"https:\/\/clickbol.online\/#organization"},"image":{"@id":"https:\/\/clickbol.online\/?p=1932#primaryimage"},"thumbnailUrl":"https:\/\/clickbol.online\/wp-content\/uploads\/2026\/03\/whatsapp-image-2026-03-13-at-6-57_101-14753608_20260314015630.webp","keywords":["Asamblea legislativa","nueva directiva","Santa Cruz"],"articleSection":["POL\u00cdTICA"],"inLanguage":"es"},{"@type":"WebPage","@id":"https:\/\/clickbol.online\/?p=1932","url":"https:\/\/clickbol.online\/?p=1932","name":"Santa Cruz elige nueva directiva en su Asamblea Legislativa Departamental -","isPartOf":{"@id":"https:\/\/clickbol.online\/#website"},"primaryImageOfPage":{"@id":"https:\/\/clickbol.online\/?p=1932#primaryimage"},"image":{"@id":"https:\/\/clickbol.online\/?p=1932#primaryimage"},"thumbnailUrl":"https:\/\/clickbol.online\/wp-content\/uploads\/2026\/03\/whatsapp-image-2026-03-13-at-6-57_101-14753608_20260314015630.webp","datePublished":"2026-03-14T11:36:19+00:00","dateModified":"2026-03-14T11:36:21+00:00","breadcrumb":{"@id":"https:\/\/clickbol.online\/?p=1932#breadcrumb"},"inLanguage":"es","potentialAction":[{"@type":"ReadAction","target":["https:\/\/clickbol.online\/?p=1932"]}]},{"@type":"ImageObject","inLanguage":"es","@id":"https:\/\/clickbol.online\/?p=1932#primaryimage","url":"https:\/\/clickbol.online\/wp-content\/uploads\/2026\/03\/whatsapp-image-2026-03-13-at-6-57_101-14753608_20260314015630.webp","contentUrl":"https:\/\/clickbol.online\/wp-content\/uploads\/2026\/03\/whatsapp-image-2026-03-13-at-6-57_101-14753608_20260314015630.webp","width":420,"height":280},{"@type":"BreadcrumbList","@id":"https:\/\/clickbol.online\/?p=1932#breadcrumb","itemListElement":[{"@type":"ListItem","position":1,"name":"Portada","item":"https:\/\/clickbol.online\/"},{"@type":"ListItem","position":2,"name":"Santa Cruz elige nueva directiva en su Asamblea Legislativa Departamental"}]},{"@type":"WebSite","@id":"https:\/\/clickbol.online\/#website","url":"https:\/\/clickbol.online\/","name":"Click a tu Alcance","description":"","publisher":{"@id":"https:\/\/clickbol.online\/#organization"},"potentialAction":[{"@type":"SearchAction","target":{"@type":"EntryPoint","urlTemplate":"https:\/\/clickbol.online\/?s={search_term_string}"},"query-input":{"@type":"PropertyValueSpecification","valueRequired":true,"valueName":"search_term_string"}}],"inLanguage":"es"},{"@type":"Organization","@id":"https:\/\/clickbol.online\/#organization","name":"Click a tu Alcance","url":"https:\/\/clickbol.online\/","logo":{"@type":"ImageObject","inLanguage":"es","@id":"https:\/\/clickbol.online\/#\/schema\/logo\/image\/","url":"https:\/\/clickbol.online\/wp-content\/uploads\/2026\/01\/cropped-kokokoko.jpg.jpeg","contentUrl":"https:\/\/clickbol.online\/wp-content\/uploads\/2026\/01\/cropped-kokokoko.jpg.jpeg","width":700,"height":300,"caption":"Click a tu Alcance"},"image":{"@id":"https:\/\/clickbol.online\/#\/schema\/logo\/image\/"}},{"@type":"Person","@id":"https:\/\/clickbol.online\/#\/schema\/person\/89b08016d7a6b73658e1c71db1f8abb9","name":"Redacci\u00f3n General","image":{"@type":"ImageObject","inLanguage":"es","@id":"https:\/\/secure.gravatar.com\/avatar\/5e240a60c42d158120043d8fffcb218b83c25e5faea29857f32339d0071ca51c?s=96&d=mm&r=g","url":"https:\/\/secure.gravatar.com\/avatar\/5e240a60c42d158120043d8fffcb218b83c25e5faea29857f32339d0071ca51c?s=96&d=mm&r=g","contentUrl":"https:\/\/secure.gravatar.com\/avatar\/5e240a60c42d158120043d8fffcb218b83c25e5faea29857f32339d0071ca51c?s=96&d=mm&r=g","caption":"Redacci\u00f3n General"},"sameAs":["https:\/\/clickbol.online\/"],"url":"https:\/\/clickbol.online\/?author=2"}]}},"jetpack_featured_media_url":"https:\/\/clickbol.online\/wp-content\/uploads\/2026\/03\/whatsapp-image-2026-03-13-at-6-57_101-14753608_20260314015630.webp","jetpack_sharing_enabled":true,"_links":{"self":[{"href":"https:\/\/clickbol.online\/index.php?rest_route=\/wp\/v2\/posts\/1932","targetHints":{"allow":["GET"]}}],"collection":[{"href":"https:\/\/clickbol.online\/index.php?rest_route=\/wp\/v2\/posts"}],"about":[{"href":"https:\/\/clickbol.online\/index.php?rest_route=\/wp\/v2\/types\/post"}],"author":[{"embeddable":true,"href":"https:\/\/clickbol.online\/index.php?rest_route=\/wp\/v2\/users\/2"}],"replies":[{"embeddable":true,"href":"https:\/\/clickbol.online\/index.php?rest_route=%2Fwp%2Fv2%2Fcomments&post=1932"}],"version-history":[{"count":1,"href":"https:\/\/clickbol.online\/index.php?rest_route=\/wp\/v2\/posts\/1932\/revisions"}],"predecessor-version":[{"id":1934,"href":"https:\/\/clickbol.online\/index.php?rest_route=\/wp\/v2\/posts\/1932\/revisions\/1934"}],"wp:featuredmedia":[{"embeddable":true,"href":"https:\/\/clickbol.online\/index.php?rest_route=\/wp\/v2\/media\/1933"}],"wp:attachment":[{"href":"https:\/\/clickbol.online\/index.php?rest_route=%2Fwp%2Fv2%2Fmedia&parent=1932"}],"wp:term":[{"taxonomy":"category","embeddable":true,"href":"https:\/\/clickbol.online\/index.php?rest_route=%2Fwp%2Fv2%2Fcategories&post=1932"},{"taxonomy":"post_tag","embeddable":true,"href":"https:\/\/clickbol.online\/index.php?rest_route=%2Fwp%2Fv2%2Ftags&post=1932"}],"curies":[{"name":"wp","href":"https:\/\/api.w.org\/{rel}","templated":true}]}}