{"id":2258,"date":"2026-04-28T18:29:02","date_gmt":"2026-04-28T22:29:02","guid":{"rendered":"https:\/\/clickbol.online\/?p=2258"},"modified":"2026-04-28T18:29:03","modified_gmt":"2026-04-28T22:29:03","slug":"aprehension-de-exjefe-del-banco-central-de-bolivia-abre-debate-sobre-su-pension","status":"publish","type":"post","link":"https:\/\/clickbol.online\/?p=2258","title":{"rendered":"Aprehensi\u00f3n de exjefe del Banco Central de Bolivia abre debate sobre su pensi\u00f3n"},"content":{"rendered":"\n<p>La Paz, 28 de abril de 2026 &#8211; Tras la reciente aprehensi\u00f3n de Roger Edwin Rojas Ulo, expresidente del Banco Central de Bolivia (BCB), surgen cuestionamientos sobre la situaci\u00f3n de los beneficios econ\u00f3micos que percibe como exautoridad, incluyendo su pensi\u00f3n.<\/p>\n\n\n\n<p>Rojas Ulo fue detenido por orden del Ministerio P\u00fablico en el marco de una investigaci\u00f3n por presunto da\u00f1o econ\u00f3mico al Estado, estimado en 124 millones de d\u00f3lares, relacionado con siete transacciones irregulares en la compra de bonos durante su gesti\u00f3n.<\/p>\n\n\n\n<p>Especialistas en derecho administrativo se\u00f1alan que, si bien los exfuncionarios p\u00fablicos tienen derecho a beneficios como jubilaciones o pensiones, estos podr\u00edan ser revisados o incluso suspendidos en caso de comprobarse responsabilidades penales vinculadas a da\u00f1o econ\u00f3mico al Estado.<\/p>\n\n\n\n<p>En Bolivia, la normativa establece que los servidores p\u00fablicos deben responder por actos que afecten los recursos estatales, lo que abre la posibilidad de procesos civiles paralelos para la recuperaci\u00f3n de fondos y eventuales sanciones econ\u00f3micas.<\/p>\n\n\n\n<p>Actualmente, Rojas Ulo permanece en celdas policiales a la espera de su audiencia de medidas cautelares, donde se definir\u00e1 si enfrentar\u00e1 el proceso en libertad o con detenci\u00f3n preventiva.<\/p>\n\n\n\n<p>El caso ha generado debate p\u00fablico sobre la responsabilidad de las altas autoridades econ\u00f3micas y la necesidad de fortalecer los mecanismos de control y transparencia en entidades estrat\u00e9gicas como el Banco Central de Bolivia.<\/p>\n","protected":false},"excerpt":{"rendered":"<p>La Paz, 28 de abril de 2026 &#8211; Tras la reciente aprehensi\u00f3n de Roger Edwin Rojas Ulo, expresidente del Banco Central de Bolivia (BCB), surgen cuestionamientos sobre la situaci\u00f3n de&hellip;<\/p>\n","protected":false},"author":2,"featured_media":2259,"comment_status":"closed","ping_status":"open","sticky":false,"template":"","format":"standard","meta":{"_jetpack_memberships_contains_paid_content":false,"footnotes":""},"categories":[8],"tags":[171,1305,1307],"class_list":["post-2258","post","type-post","status-publish","format-standard","has-post-thumbnail","hentry","category-seguridad","tag-aprehension","tag-banco-central-de-bolivia","tag-pension"],"yoast_head":"<!-- This site is optimized with the Yoast SEO plugin v27.4 - https:\/\/yoast.com\/product\/yoast-seo-wordpress\/ -->\n<title>Aprehensi\u00f3n de exjefe del Banco Central de Bolivia abre debate sobre su pensi\u00f3n -<\/title>\n<meta name=\"robots\" content=\"index, follow, max-snippet:-1, max-image-preview:large, max-video-preview:-1\" \/>\n<link rel=\"canonical\" href=\"https:\/\/clickbol.online\/?p=2258\" \/>\n<meta property=\"og:locale\" content=\"es_ES\" \/>\n<meta property=\"og:type\" content=\"article\" \/>\n<meta property=\"og:title\" content=\"Aprehensi\u00f3n de exjefe del Banco Central de Bolivia abre debate sobre su pensi\u00f3n -\" \/>\n<meta property=\"og:description\" content=\"La Paz, 28 de abril de 2026 &#8211; Tras la reciente aprehensi\u00f3n de Roger Edwin Rojas Ulo, expresidente del Banco Central de Bolivia (BCB), surgen cuestionamientos sobre la situaci\u00f3n de&hellip;\" \/>\n<meta property=\"og:url\" content=\"https:\/\/clickbol.online\/?p=2258\" \/>\n<meta property=\"article:published_time\" content=\"2026-04-28T22:29:02+00:00\" \/>\n<meta property=\"article:modified_time\" content=\"2026-04-28T22:29:03+00:00\" \/>\n<meta property=\"og:image\" content=\"https:\/\/clickbol.online\/wp-content\/uploads\/2026\/04\/1777410491010.webp\" \/>\n\t<meta property=\"og:image:width\" content=\"400\" \/>\n\t<meta property=\"og:image:height\" content=\"225\" \/>\n\t<meta property=\"og:image:type\" content=\"image\/webp\" \/>\n<meta name=\"author\" content=\"Redacci\u00f3n General\" \/>\n<meta name=\"twitter:card\" content=\"summary_large_image\" \/>\n<meta name=\"twitter:label1\" content=\"Escrito por\" \/>\n\t<meta name=\"twitter:data1\" content=\"Redacci\u00f3n General\" \/>\n\t<meta name=\"twitter:label2\" content=\"Tiempo de lectura\" \/>\n\t<meta name=\"twitter:data2\" content=\"2 minutos\" \/>\n<script type=\"application\/ld+json\" class=\"yoast-schema-graph\">{\"@context\":\"https:\\\/\\\/schema.org\",\"@graph\":[{\"@type\":\"Article\",\"@id\":\"https:\\\/\\\/clickbol.online\\\/?p=2258#article\",\"isPartOf\":{\"@id\":\"https:\\\/\\\/clickbol.online\\\/?p=2258\"},\"author\":{\"name\":\"Redacci\u00f3n General\",\"@id\":\"https:\\\/\\\/clickbol.online\\\/#\\\/schema\\\/person\\\/89b08016d7a6b73658e1c71db1f8abb9\"},\"headline\":\"Aprehensi\u00f3n de exjefe del Banco Central de Bolivia abre debate sobre su pensi\u00f3n\",\"datePublished\":\"2026-04-28T22:29:02+00:00\",\"dateModified\":\"2026-04-28T22:29:03+00:00\",\"mainEntityOfPage\":{\"@id\":\"https:\\\/\\\/clickbol.online\\\/?p=2258\"},\"wordCount\":251,\"publisher\":{\"@id\":\"https:\\\/\\\/clickbol.online\\\/#organization\"},\"image\":{\"@id\":\"https:\\\/\\\/clickbol.online\\\/?p=2258#primaryimage\"},\"thumbnailUrl\":\"https:\\\/\\\/clickbol.online\\\/wp-content\\\/uploads\\\/2026\\\/04\\\/1777410491010.webp\",\"keywords\":[\"Aprehensi\u00f3n\",\"Banco central de Bolivia\",\"Pensi\u00f3n\"],\"articleSection\":[\"SEGURIDAD\"],\"inLanguage\":\"es\"},{\"@type\":\"WebPage\",\"@id\":\"https:\\\/\\\/clickbol.online\\\/?p=2258\",\"url\":\"https:\\\/\\\/clickbol.online\\\/?p=2258\",\"name\":\"Aprehensi\u00f3n de exjefe del Banco Central de Bolivia abre debate sobre su pensi\u00f3n -\",\"isPartOf\":{\"@id\":\"https:\\\/\\\/clickbol.online\\\/#website\"},\"primaryImageOfPage\":{\"@id\":\"https:\\\/\\\/clickbol.online\\\/?p=2258#primaryimage\"},\"image\":{\"@id\":\"https:\\\/\\\/clickbol.online\\\/?p=2258#primaryimage\"},\"thumbnailUrl\":\"https:\\\/\\\/clickbol.online\\\/wp-content\\\/uploads\\\/2026\\\/04\\\/1777410491010.webp\",\"datePublished\":\"2026-04-28T22:29:02+00:00\",\"dateModified\":\"2026-04-28T22:29:03+00:00\",\"breadcrumb\":{\"@id\":\"https:\\\/\\\/clickbol.online\\\/?p=2258#breadcrumb\"},\"inLanguage\":\"es\",\"potentialAction\":[{\"@type\":\"ReadAction\",\"target\":[\"https:\\\/\\\/clickbol.online\\\/?p=2258\"]}]},{\"@type\":\"ImageObject\",\"inLanguage\":\"es\",\"@id\":\"https:\\\/\\\/clickbol.online\\\/?p=2258#primaryimage\",\"url\":\"https:\\\/\\\/clickbol.online\\\/wp-content\\\/uploads\\\/2026\\\/04\\\/1777410491010.webp\",\"contentUrl\":\"https:\\\/\\\/clickbol.online\\\/wp-content\\\/uploads\\\/2026\\\/04\\\/1777410491010.webp\",\"width\":400,\"height\":225},{\"@type\":\"BreadcrumbList\",\"@id\":\"https:\\\/\\\/clickbol.online\\\/?p=2258#breadcrumb\",\"itemListElement\":[{\"@type\":\"ListItem\",\"position\":1,\"name\":\"Portada\",\"item\":\"https:\\\/\\\/clickbol.online\\\/\"},{\"@type\":\"ListItem\",\"position\":2,\"name\":\"Aprehensi\u00f3n de exjefe del Banco Central de Bolivia abre debate sobre su pensi\u00f3n\"}]},{\"@type\":\"WebSite\",\"@id\":\"https:\\\/\\\/clickbol.online\\\/#website\",\"url\":\"https:\\\/\\\/clickbol.online\\\/\",\"name\":\"Click a tu Alcance\",\"description\":\"\",\"publisher\":{\"@id\":\"https:\\\/\\\/clickbol.online\\\/#organization\"},\"potentialAction\":[{\"@type\":\"SearchAction\",\"target\":{\"@type\":\"EntryPoint\",\"urlTemplate\":\"https:\\\/\\\/clickbol.online\\\/?s={search_term_string}\"},\"query-input\":{\"@type\":\"PropertyValueSpecification\",\"valueRequired\":true,\"valueName\":\"search_term_string\"}}],\"inLanguage\":\"es\"},{\"@type\":\"Organization\",\"@id\":\"https:\\\/\\\/clickbol.online\\\/#organization\",\"name\":\"Click a tu Alcance\",\"url\":\"https:\\\/\\\/clickbol.online\\\/\",\"logo\":{\"@type\":\"ImageObject\",\"inLanguage\":\"es\",\"@id\":\"https:\\\/\\\/clickbol.online\\\/#\\\/schema\\\/logo\\\/image\\\/\",\"url\":\"https:\\\/\\\/clickbol.online\\\/wp-content\\\/uploads\\\/2026\\\/01\\\/cropped-kokokoko.jpg.jpeg\",\"contentUrl\":\"https:\\\/\\\/clickbol.online\\\/wp-content\\\/uploads\\\/2026\\\/01\\\/cropped-kokokoko.jpg.jpeg\",\"width\":700,\"height\":300,\"caption\":\"Click a tu Alcance\"},\"image\":{\"@id\":\"https:\\\/\\\/clickbol.online\\\/#\\\/schema\\\/logo\\\/image\\\/\"}},{\"@type\":\"Person\",\"@id\":\"https:\\\/\\\/clickbol.online\\\/#\\\/schema\\\/person\\\/89b08016d7a6b73658e1c71db1f8abb9\",\"name\":\"Redacci\u00f3n General\",\"image\":{\"@type\":\"ImageObject\",\"inLanguage\":\"es\",\"@id\":\"https:\\\/\\\/secure.gravatar.com\\\/avatar\\\/5e240a60c42d158120043d8fffcb218b83c25e5faea29857f32339d0071ca51c?s=96&d=mm&r=g\",\"url\":\"https:\\\/\\\/secure.gravatar.com\\\/avatar\\\/5e240a60c42d158120043d8fffcb218b83c25e5faea29857f32339d0071ca51c?s=96&d=mm&r=g\",\"contentUrl\":\"https:\\\/\\\/secure.gravatar.com\\\/avatar\\\/5e240a60c42d158120043d8fffcb218b83c25e5faea29857f32339d0071ca51c?s=96&d=mm&r=g\",\"caption\":\"Redacci\u00f3n General\"},\"sameAs\":[\"https:\\\/\\\/clickbol.online\\\/\"],\"url\":\"https:\\\/\\\/clickbol.online\\\/?author=2\"}]}<\/script>\n<!-- \/ Yoast SEO plugin. -->","yoast_head_json":{"title":"Aprehensi\u00f3n de exjefe del Banco Central de Bolivia abre debate sobre su pensi\u00f3n -","robots":{"index":"index","follow":"follow","max-snippet":"max-snippet:-1","max-image-preview":"max-image-preview:large","max-video-preview":"max-video-preview:-1"},"canonical":"https:\/\/clickbol.online\/?p=2258","og_locale":"es_ES","og_type":"article","og_title":"Aprehensi\u00f3n de exjefe del Banco Central de Bolivia abre debate sobre su pensi\u00f3n -","og_description":"La Paz, 28 de abril de 2026 &#8211; Tras la reciente aprehensi\u00f3n de Roger Edwin Rojas Ulo, expresidente del Banco Central de Bolivia (BCB), surgen cuestionamientos sobre la situaci\u00f3n de&hellip;","og_url":"https:\/\/clickbol.online\/?p=2258","article_published_time":"2026-04-28T22:29:02+00:00","article_modified_time":"2026-04-28T22:29:03+00:00","og_image":[{"width":400,"height":225,"url":"https:\/\/clickbol.online\/wp-content\/uploads\/2026\/04\/1777410491010.webp","type":"image\/webp"}],"author":"Redacci\u00f3n General","twitter_card":"summary_large_image","twitter_misc":{"Escrito por":"Redacci\u00f3n General","Tiempo de lectura":"2 minutos"},"schema":{"@context":"https:\/\/schema.org","@graph":[{"@type":"Article","@id":"https:\/\/clickbol.online\/?p=2258#article","isPartOf":{"@id":"https:\/\/clickbol.online\/?p=2258"},"author":{"name":"Redacci\u00f3n General","@id":"https:\/\/clickbol.online\/#\/schema\/person\/89b08016d7a6b73658e1c71db1f8abb9"},"headline":"Aprehensi\u00f3n de exjefe del Banco Central de Bolivia abre debate sobre su pensi\u00f3n","datePublished":"2026-04-28T22:29:02+00:00","dateModified":"2026-04-28T22:29:03+00:00","mainEntityOfPage":{"@id":"https:\/\/clickbol.online\/?p=2258"},"wordCount":251,"publisher":{"@id":"https:\/\/clickbol.online\/#organization"},"image":{"@id":"https:\/\/clickbol.online\/?p=2258#primaryimage"},"thumbnailUrl":"https:\/\/clickbol.online\/wp-content\/uploads\/2026\/04\/1777410491010.webp","keywords":["Aprehensi\u00f3n","Banco central de Bolivia","Pensi\u00f3n"],"articleSection":["SEGURIDAD"],"inLanguage":"es"},{"@type":"WebPage","@id":"https:\/\/clickbol.online\/?p=2258","url":"https:\/\/clickbol.online\/?p=2258","name":"Aprehensi\u00f3n de exjefe del Banco Central de Bolivia abre debate sobre su pensi\u00f3n -","isPartOf":{"@id":"https:\/\/clickbol.online\/#website"},"primaryImageOfPage":{"@id":"https:\/\/clickbol.online\/?p=2258#primaryimage"},"image":{"@id":"https:\/\/clickbol.online\/?p=2258#primaryimage"},"thumbnailUrl":"https:\/\/clickbol.online\/wp-content\/uploads\/2026\/04\/1777410491010.webp","datePublished":"2026-04-28T22:29:02+00:00","dateModified":"2026-04-28T22:29:03+00:00","breadcrumb":{"@id":"https:\/\/clickbol.online\/?p=2258#breadcrumb"},"inLanguage":"es","potentialAction":[{"@type":"ReadAction","target":["https:\/\/clickbol.online\/?p=2258"]}]},{"@type":"ImageObject","inLanguage":"es","@id":"https:\/\/clickbol.online\/?p=2258#primaryimage","url":"https:\/\/clickbol.online\/wp-content\/uploads\/2026\/04\/1777410491010.webp","contentUrl":"https:\/\/clickbol.online\/wp-content\/uploads\/2026\/04\/1777410491010.webp","width":400,"height":225},{"@type":"BreadcrumbList","@id":"https:\/\/clickbol.online\/?p=2258#breadcrumb","itemListElement":[{"@type":"ListItem","position":1,"name":"Portada","item":"https:\/\/clickbol.online\/"},{"@type":"ListItem","position":2,"name":"Aprehensi\u00f3n de exjefe del Banco Central de Bolivia abre debate sobre su pensi\u00f3n"}]},{"@type":"WebSite","@id":"https:\/\/clickbol.online\/#website","url":"https:\/\/clickbol.online\/","name":"Click a tu Alcance","description":"","publisher":{"@id":"https:\/\/clickbol.online\/#organization"},"potentialAction":[{"@type":"SearchAction","target":{"@type":"EntryPoint","urlTemplate":"https:\/\/clickbol.online\/?s={search_term_string}"},"query-input":{"@type":"PropertyValueSpecification","valueRequired":true,"valueName":"search_term_string"}}],"inLanguage":"es"},{"@type":"Organization","@id":"https:\/\/clickbol.online\/#organization","name":"Click a tu Alcance","url":"https:\/\/clickbol.online\/","logo":{"@type":"ImageObject","inLanguage":"es","@id":"https:\/\/clickbol.online\/#\/schema\/logo\/image\/","url":"https:\/\/clickbol.online\/wp-content\/uploads\/2026\/01\/cropped-kokokoko.jpg.jpeg","contentUrl":"https:\/\/clickbol.online\/wp-content\/uploads\/2026\/01\/cropped-kokokoko.jpg.jpeg","width":700,"height":300,"caption":"Click a tu Alcance"},"image":{"@id":"https:\/\/clickbol.online\/#\/schema\/logo\/image\/"}},{"@type":"Person","@id":"https:\/\/clickbol.online\/#\/schema\/person\/89b08016d7a6b73658e1c71db1f8abb9","name":"Redacci\u00f3n General","image":{"@type":"ImageObject","inLanguage":"es","@id":"https:\/\/secure.gravatar.com\/avatar\/5e240a60c42d158120043d8fffcb218b83c25e5faea29857f32339d0071ca51c?s=96&d=mm&r=g","url":"https:\/\/secure.gravatar.com\/avatar\/5e240a60c42d158120043d8fffcb218b83c25e5faea29857f32339d0071ca51c?s=96&d=mm&r=g","contentUrl":"https:\/\/secure.gravatar.com\/avatar\/5e240a60c42d158120043d8fffcb218b83c25e5faea29857f32339d0071ca51c?s=96&d=mm&r=g","caption":"Redacci\u00f3n General"},"sameAs":["https:\/\/clickbol.online\/"],"url":"https:\/\/clickbol.online\/?author=2"}]}},"jetpack_featured_media_url":"https:\/\/clickbol.online\/wp-content\/uploads\/2026\/04\/1777410491010.webp","jetpack_sharing_enabled":true,"_links":{"self":[{"href":"https:\/\/clickbol.online\/index.php?rest_route=\/wp\/v2\/posts\/2258","targetHints":{"allow":["GET"]}}],"collection":[{"href":"https:\/\/clickbol.online\/index.php?rest_route=\/wp\/v2\/posts"}],"about":[{"href":"https:\/\/clickbol.online\/index.php?rest_route=\/wp\/v2\/types\/post"}],"author":[{"embeddable":true,"href":"https:\/\/clickbol.online\/index.php?rest_route=\/wp\/v2\/users\/2"}],"replies":[{"embeddable":true,"href":"https:\/\/clickbol.online\/index.php?rest_route=%2Fwp%2Fv2%2Fcomments&post=2258"}],"version-history":[{"count":1,"href":"https:\/\/clickbol.online\/index.php?rest_route=\/wp\/v2\/posts\/2258\/revisions"}],"predecessor-version":[{"id":2260,"href":"https:\/\/clickbol.online\/index.php?rest_route=\/wp\/v2\/posts\/2258\/revisions\/2260"}],"wp:featuredmedia":[{"embeddable":true,"href":"https:\/\/clickbol.online\/index.php?rest_route=\/wp\/v2\/media\/2259"}],"wp:attachment":[{"href":"https:\/\/clickbol.online\/index.php?rest_route=%2Fwp%2Fv2%2Fmedia&parent=2258"}],"wp:term":[{"taxonomy":"category","embeddable":true,"href":"https:\/\/clickbol.online\/index.php?rest_route=%2Fwp%2Fv2%2Fcategories&post=2258"},{"taxonomy":"post_tag","embeddable":true,"href":"https:\/\/clickbol.online\/index.php?rest_route=%2Fwp%2Fv2%2Ftags&post=2258"}],"curies":[{"name":"wp","href":"https:\/\/api.w.org\/{rel}","templated":true}]}}